{"id":1039,"date":"2020-04-20T08:33:03","date_gmt":"2020-04-20T11:33:03","guid":{"rendered":"http:\/\/pertinente.com.br\/site\/?p=1039"},"modified":"2020-04-20T11:30:11","modified_gmt":"2020-04-20T14:30:11","slug":"especialistas-veem-em-comportando-de-bolsonaro-crime-de-responsabilidade-e-contra-a-saude-publica","status":"publish","type":"post","link":"https:\/\/pertinente.com.br\/site\/2020\/04\/20\/especialistas-veem-em-comportando-de-bolsonaro-crime-de-responsabilidade-e-contra-a-saude-publica\/","title":{"rendered":"Especialistas veem em comportamento de Bolsonaro crime de responsabilidade e contra a sa\u00fade p\u00fablica"},"content":{"rendered":"\n<p>El Pa\u00eds &#8211; Presidente participou de protesto contra o Congresso em Bras\u00edlia no dia em que mortes pelo coronav\u00edrus passaram de 2.400.<\/p>\n\n\n\n<figure class=\"wp-block-image size-large\"><img loading=\"lazy\" decoding=\"async\" width=\"768\" height=\"518\" src=\"http:\/\/pertinente.com.br\/site\/wp-content\/uploads\/2020\/04\/i5e22dxjtzgqbbg3xvlcyoirda3614943511846728674.jpg\" alt=\"\" class=\"wp-image-1037\" srcset=\"https:\/\/pertinente.com.br\/site\/wp-content\/uploads\/2020\/04\/i5e22dxjtzgqbbg3xvlcyoirda3614943511846728674.jpg 768w, https:\/\/pertinente.com.br\/site\/wp-content\/uploads\/2020\/04\/i5e22dxjtzgqbbg3xvlcyoirda3614943511846728674-300x202.jpg 300w\" sizes=\"(max-width: 768px) 100vw, 768px\" \/><\/figure>\n\n\n\n<p>Pol\u00edticos e especialistas em direito viram na atua\u00e7\u00e3o de Bolsonaro ind\u00edcios de crime de responsabilidade, que pode levar \u00e0 perda do cargo. Dois ministros do Supremo criticaram os protestos em declara\u00e7\u00f5es nas redes sociais. \u201c\u00c9 assustador ver manifesta\u00e7\u00f5es pela volta do regime militar, ap\u00f3s 30 anos de democracia\u201d, escreveu o ministro&nbsp;<a rel=\"noreferrer noopener\" href=\"https:\/\/brasil.elpais.com\/noticias\/luis_roberto_barroso\" target=\"_blank\">Lu\u00eds Roberto Barroso<\/a>. &#8220;S\u00f3 pode desejar interven\u00e7\u00e3o militar quem perdeu a f\u00e9 no futuro e sonha com um passado que nunca houve. Ditaduras v\u00eam com viol\u00eancia contra os advers\u00e1rios, censura e intoler\u00e2ncia. Pessoas de bem e que amam o Brasil n\u00e3o desejam isso\u201d, escreveu, em sua conta no Twitter. Para o ministro&nbsp;<a rel=\"noreferrer noopener\" href=\"https:\/\/brasil.elpais.com\/noticias\/gilmar-ferreira-mendes\/\" target=\"_blank\">Gilmar Mendes<\/a>, \u201cinvocar o AI-5 e a volta da ditadura \u00e9 rasgar o compromisso com a Constitui\u00e7\u00e3o e com a ordem democr\u00e1tica\u201d, afirmou. \u201cA crise do coronav\u00edrus s\u00f3 vai ser superada com responsabilidade pol\u00edtica, uni\u00e3o de todos e solidariedade\u201d.<\/p>\n\n\n\n<p>Leia mais:<\/p>\n\n\n\n<p>https:\/\/brasil.elpais.com\/politica\/2020-04-19\/bolsonaro-endossa-ato-pro-intervencao-militar-e-provoca-reacao-de-maia-stf-e-governadores.html<\/p>\n","protected":false},"excerpt":{"rendered":"<p>El Pa\u00eds &#8211; Presidente participou de protesto contra o Congresso em Bras\u00edlia no dia em que mortes pelo coronav\u00edrus passaram de 2.400. Pol\u00edticos e especialistas em direito viram na atua\u00e7\u00e3o de Bolsonaro ind\u00edcios de crime de responsabilidade, que pode levar \u00e0 perda&hellip;<\/p>\n","protected":false},"author":1,"featured_media":1038,"comment_status":"open","ping_status":"open","sticky":false,"template":"","format":"standard","meta":{"footnotes":""},"categories":[4],"tags":[364,357],"_links":{"self":[{"href":"https:\/\/pertinente.com.br\/site\/wp-json\/wp\/v2\/posts\/1039"}],"collection":[{"href":"https:\/\/pertinente.com.br\/site\/wp-json\/wp\/v2\/posts"}],"about":[{"href":"https:\/\/pertinente.com.br\/site\/wp-json\/wp\/v2\/types\/post"}],"author":[{"embeddable":true,"href":"https:\/\/pertinente.com.br\/site\/wp-json\/wp\/v2\/users\/1"}],"replies":[{"embeddable":true,"href":"https:\/\/pertinente.com.br\/site\/wp-json\/wp\/v2\/comments?post=1039"}],"version-history":[{"count":2,"href":"https:\/\/pertinente.com.br\/site\/wp-json\/wp\/v2\/posts\/1039\/revisions"}],"predecessor-version":[{"id":1041,"href":"https:\/\/pertinente.com.br\/site\/wp-json\/wp\/v2\/posts\/1039\/revisions\/1041"}],"wp:featuredmedia":[{"embeddable":true,"href":"https:\/\/pertinente.com.br\/site\/wp-json\/wp\/v2\/media\/1038"}],"wp:attachment":[{"href":"https:\/\/pertinente.com.br\/site\/wp-json\/wp\/v2\/media?parent=1039"}],"wp:term":[{"taxonomy":"category","embeddable":true,"href":"https:\/\/pertinente.com.br\/site\/wp-json\/wp\/v2\/categories?post=1039"},{"taxonomy":"post_tag","embeddable":true,"href":"https:\/\/pertinente.com.br\/site\/wp-json\/wp\/v2\/tags?post=1039"}],"curies":[{"name":"wp","href":"https:\/\/api.w.org\/{rel}","templated":true}]}}