{"id":1052,"date":"2020-04-20T12:27:11","date_gmt":"2020-04-20T15:27:11","guid":{"rendered":"http:\/\/pertinente.com.br\/site\/?p=1052"},"modified":"2020-04-20T12:28:20","modified_gmt":"2020-04-20T15:28:20","slug":"jurista-pede-que-stf-obrigue-maia-a-analisar-impeachment-de-bolsonaro","status":"publish","type":"post","link":"https:\/\/pertinente.com.br\/site\/2020\/04\/20\/jurista-pede-que-stf-obrigue-maia-a-analisar-impeachment-de-bolsonaro\/","title":{"rendered":"Jurista pede que STF obrigue Maia a analisar impeachment de Bolsonaro"},"content":{"rendered":"\n<figure class=\"wp-block-image size-large\"><img loading=\"lazy\" decoding=\"async\" width=\"360\" height=\"240\" src=\"http:\/\/pertinente.com.br\/site\/wp-content\/uploads\/2020\/04\/20200420102805201298a9160087222547027213.jpg\" alt=\"\" class=\"wp-image-1053\" srcset=\"https:\/\/pertinente.com.br\/site\/wp-content\/uploads\/2020\/04\/20200420102805201298a9160087222547027213.jpg 360w, https:\/\/pertinente.com.br\/site\/wp-content\/uploads\/2020\/04\/20200420102805201298a9160087222547027213-300x200.jpg 300w\" sizes=\"(max-width: 360px) 100vw, 360px\" \/><\/figure>\n\n\n\n<p>Correio Brasiliense &#8211; Ex-conselheiro federal da OAB alega que o presidente participou de atos contra o Congresso e o STF e que atua contra regras sanit\u00e1rias da OMS.<\/p>\n\n\n\n<p>O jurista pede que o Supremo d\u00ea o prazo de 15 dias para que o presidente da C\u00e2mara fa\u00e7a a an\u00e1lise do pedido de afastamento de Bolsonaro. Na a\u00e7\u00e3o que pede que o chefe do Executivo seja removido do cargo, Rossini acusa Bolsonaro por quebra de decoro, ataques contra jornalistas, contrariedade \u00e0s orienta\u00e7\u00f5es da Organiza\u00e7\u00e3o Mundial da Sa\u00fade <strong>OMS<\/strong>&nbsp;e&nbsp;<a href=\"https:\/\/www.correiobraziliense.com.br\/app\/noticia\/politica\/2020\/04\/20\/interna_politica,846335\/gesto-de-bolsonaro-em-manifestacao-e-visto-como-provocacao-no-meio-pol.shtml\">apoio a atos que pedem o fechamento do Congresso e o STF<\/a>.&nbsp;&nbsp;<\/p>\n\n\n\n<p>Leia mais:<\/p>\n\n\n\n<p><a href=\"https:\/\/www.correiobraziliense.com.br\/app\/noticia\/politica\/2020\/04\/20\/interna_politica,846419\/jurista-pede-que-stf-obrigue-maia-a-analisar-impeachment-de-bolsonaro.shtml\">https:\/\/www.correiobraziliense.com.br\/app\/noticia\/politica\/2020\/04\/20\/interna_politica,846419\/jurista-pede-que-stf-obrigue-maia-a-analisar-impeachment-de-bolsonaro.shtml<\/a><\/p>\n","protected":false},"excerpt":{"rendered":"<p>Correio Brasiliense &#8211; Ex-conselheiro federal da OAB alega que o presidente participou de atos contra o Congresso e o STF e que atua contra regras sanit\u00e1rias da OMS. O jurista pede que o Supremo d\u00ea o prazo de 15 dias para que&hellip;<\/p>\n","protected":false},"author":1,"featured_media":1054,"comment_status":"open","ping_status":"open","sticky":false,"template":"","format":"standard","meta":{"footnotes":""},"categories":[4],"tags":[365,9,66],"_links":{"self":[{"href":"https:\/\/pertinente.com.br\/site\/wp-json\/wp\/v2\/posts\/1052"}],"collection":[{"href":"https:\/\/pertinente.com.br\/site\/wp-json\/wp\/v2\/posts"}],"about":[{"href":"https:\/\/pertinente.com.br\/site\/wp-json\/wp\/v2\/types\/post"}],"author":[{"embeddable":true,"href":"https:\/\/pertinente.com.br\/site\/wp-json\/wp\/v2\/users\/1"}],"replies":[{"embeddable":true,"href":"https:\/\/pertinente.com.br\/site\/wp-json\/wp\/v2\/comments?post=1052"}],"version-history":[{"count":1,"href":"https:\/\/pertinente.com.br\/site\/wp-json\/wp\/v2\/posts\/1052\/revisions"}],"predecessor-version":[{"id":1055,"href":"https:\/\/pertinente.com.br\/site\/wp-json\/wp\/v2\/posts\/1052\/revisions\/1055"}],"wp:featuredmedia":[{"embeddable":true,"href":"https:\/\/pertinente.com.br\/site\/wp-json\/wp\/v2\/media\/1054"}],"wp:attachment":[{"href":"https:\/\/pertinente.com.br\/site\/wp-json\/wp\/v2\/media?parent=1052"}],"wp:term":[{"taxonomy":"category","embeddable":true,"href":"https:\/\/pertinente.com.br\/site\/wp-json\/wp\/v2\/categories?post=1052"},{"taxonomy":"post_tag","embeddable":true,"href":"https:\/\/pertinente.com.br\/site\/wp-json\/wp\/v2\/tags?post=1052"}],"curies":[{"name":"wp","href":"https:\/\/api.w.org\/{rel}","templated":true}]}}