{"id":1058,"date":"2020-04-20T14:14:43","date_gmt":"2020-04-20T17:14:43","guid":{"rendered":"http:\/\/pertinente.com.br\/site\/2020\/04\/20\/procuradoria-geral-da-republica-pede-abertura-de-inquerito-para-apurar-ato-antidemocratico-com-presenca-de-bolsonaro\/"},"modified":"2020-04-20T14:14:43","modified_gmt":"2020-04-20T17:14:43","slug":"procuradoria-geral-da-republica-pede-abertura-de-inquerito-para-apurar-ato-antidemocratico-com-presenca-de-bolsonaro","status":"publish","type":"post","link":"https:\/\/pertinente.com.br\/site\/2020\/04\/20\/procuradoria-geral-da-republica-pede-abertura-de-inquerito-para-apurar-ato-antidemocratico-com-presenca-de-bolsonaro\/","title":{"rendered":"Procuradoria Geral da Rep\u00fablica pede abertura de inqu\u00e9rito para apurar ato antidemocr\u00e1tico com presen\u00e7a de Bolsonaro"},"content":{"rendered":"\n<figure class=\"wp-block-image size-large\"><img loading=\"lazy\" decoding=\"async\" width=\"645\" height=\"388\" src=\"http:\/\/pertinente.com.br\/site\/wp-content\/uploads\/2020\/04\/84803629_brazils_new_prosecutor-general_augusto_aras_speaks_during_his_inauguration_ceremony_at_the6193356195783728724.jpg\" alt=\"\" class=\"wp-image-1056\" srcset=\"https:\/\/pertinente.com.br\/site\/wp-content\/uploads\/2020\/04\/84803629_brazils_new_prosecutor-general_augusto_aras_speaks_during_his_inauguration_ceremony_at_the6193356195783728724.jpg 645w, https:\/\/pertinente.com.br\/site\/wp-content\/uploads\/2020\/04\/84803629_brazils_new_prosecutor-general_augusto_aras_speaks_during_his_inauguration_ceremony_at_the6193356195783728724-300x180.jpg 300w\" sizes=\"(max-width: 645px) 100vw, 645px\" \/><\/figure>\n\n\n\n<p>O Globo &#8211; O procurador-geral da Rep\u00fablica, Augusto Aras, solicitou nesta segunda-feira (20) ao Supremo Tribunal Federal (STF) a abertura de inqu\u00e9rito para apurar a suposta participa\u00e7\u00e3o de deputados federais na organiza\u00e7\u00e3o de &#8220;atos delituosos&#8221; que pediram fechamento de institui\u00e7\u00f5es democr\u00e1ticas, como o Congresso e o STF. O foco principal do inqu\u00e9rito \u00e9 a manifesta\u00e7\u00e3o onde Jair Bolsonaro discursou no \u00faltimo domingo (19), em Bras\u00edlia, onde dezenas de pessoas pediam a interven\u00e7\u00e3o militar.<\/p>\n","protected":false},"excerpt":{"rendered":"<p>O Globo &#8211; O procurador-geral da Rep\u00fablica, Augusto Aras, solicitou nesta segunda-feira (20) ao Supremo Tribunal Federal (STF) a abertura de inqu\u00e9rito para apurar a suposta participa\u00e7\u00e3o de deputados federais na organiza\u00e7\u00e3o de &#8220;atos delituosos&#8221; que pediram fechamento de institui\u00e7\u00f5es democr\u00e1ticas, como&hellip;<\/p>\n","protected":false},"author":1,"featured_media":1057,"comment_status":"open","ping_status":"open","sticky":false,"template":"","format":"standard","meta":{"footnotes":""},"categories":[4],"tags":[179,366],"_links":{"self":[{"href":"https:\/\/pertinente.com.br\/site\/wp-json\/wp\/v2\/posts\/1058"}],"collection":[{"href":"https:\/\/pertinente.com.br\/site\/wp-json\/wp\/v2\/posts"}],"about":[{"href":"https:\/\/pertinente.com.br\/site\/wp-json\/wp\/v2\/types\/post"}],"author":[{"embeddable":true,"href":"https:\/\/pertinente.com.br\/site\/wp-json\/wp\/v2\/users\/1"}],"replies":[{"embeddable":true,"href":"https:\/\/pertinente.com.br\/site\/wp-json\/wp\/v2\/comments?post=1058"}],"version-history":[{"count":0,"href":"https:\/\/pertinente.com.br\/site\/wp-json\/wp\/v2\/posts\/1058\/revisions"}],"wp:featuredmedia":[{"embeddable":true,"href":"https:\/\/pertinente.com.br\/site\/wp-json\/wp\/v2\/media\/1057"}],"wp:attachment":[{"href":"https:\/\/pertinente.com.br\/site\/wp-json\/wp\/v2\/media?parent=1058"}],"wp:term":[{"taxonomy":"category","embeddable":true,"href":"https:\/\/pertinente.com.br\/site\/wp-json\/wp\/v2\/categories?post=1058"},{"taxonomy":"post_tag","embeddable":true,"href":"https:\/\/pertinente.com.br\/site\/wp-json\/wp\/v2\/tags?post=1058"}],"curies":[{"name":"wp","href":"https:\/\/api.w.org\/{rel}","templated":true}]}}