{"id":1059,"date":"2020-04-21T23:16:36","date_gmt":"2020-04-22T02:16:36","guid":{"rendered":"http:\/\/pertinente.com.br\/site\/?p=1059"},"modified":"2020-04-21T23:16:39","modified_gmt":"2020-04-22T02:16:39","slug":"gilmar-defende-quebra-de-sigilo-de-manifestantes-que-promoveram-ato-contra-democracia-em-brasilia","status":"publish","type":"post","link":"https:\/\/pertinente.com.br\/site\/2020\/04\/21\/gilmar-defende-quebra-de-sigilo-de-manifestantes-que-promoveram-ato-contra-democracia-em-brasilia\/","title":{"rendered":"Gilmar defende quebra de sigilo de manifestantes que promoveram ato contra democracia em Bras\u00edlia"},"content":{"rendered":"\n<figure class=\"wp-block-image size-large\"><img loading=\"lazy\" decoding=\"async\" width=\"800\" height=\"347\" src=\"http:\/\/pertinente.com.br\/site\/wp-content\/uploads\/2020\/04\/60f26be53f4edd41edfe766a1cbc685d.jpg\" alt=\"\" class=\"wp-image-1060\" srcset=\"https:\/\/pertinente.com.br\/site\/wp-content\/uploads\/2020\/04\/60f26be53f4edd41edfe766a1cbc685d.jpg 800w, https:\/\/pertinente.com.br\/site\/wp-content\/uploads\/2020\/04\/60f26be53f4edd41edfe766a1cbc685d-300x130.jpg 300w, https:\/\/pertinente.com.br\/site\/wp-content\/uploads\/2020\/04\/60f26be53f4edd41edfe766a1cbc685d-768x333.jpg 768w\" sizes=\"(max-width: 800px) 100vw, 800px\" \/><\/figure>\n\n\n\n<p>Yahoo &#8211; O ministro do Supremo Tribunal Federal (STF) Gilmar Mendes defendeu na noite desta segunda-feira que a Pol\u00edcia Federal pe\u00e7a a quebra de sigilo telef\u00f4nico e banc\u00e1rios de pessoas que tenham participado da promo\u00e7\u00e3o de manifesta\u00e7\u00f5es com a defesa de medidas contr\u00e1rias \u00e0 democracia, como a ocorrida no \u00faltimo domingo em Bras\u00edlia. No ato, manifestantes defenderam o fechamento do STF.<\/p>\n\n\n\n<p>Nesta segunda-feira, o procurador-geral da Rep\u00fablica, Augusto Aras, pediu ao STF autoriza\u00e7\u00e3o para abertura de um inqu\u00e9rito.<\/p>\n\n\n\n<p>Leia mais:<\/p>\n\n\n\n<p><a href=\"https:\/\/br.noticias.yahoo.com\/gilmar-defende-quebra-sigilo-manifestantes-021904228.html\">https:\/\/br.noticias.yahoo.com\/gilmar-defende-quebra-sigilo-manifestantes-021904228.html<\/a><\/p>\n","protected":false},"excerpt":{"rendered":"<p>Yahoo &#8211; O ministro do Supremo Tribunal Federal (STF) Gilmar Mendes defendeu na noite desta segunda-feira que a Pol\u00edcia Federal pe\u00e7a a quebra de sigilo telef\u00f4nico e banc\u00e1rios de pessoas que tenham participado da promo\u00e7\u00e3o de manifesta\u00e7\u00f5es com a defesa de medidas&hellip;<\/p>\n","protected":false},"author":1,"featured_media":1060,"comment_status":"open","ping_status":"open","sticky":false,"template":"","format":"standard","meta":{"footnotes":""},"categories":[4],"tags":[367,368,66],"_links":{"self":[{"href":"https:\/\/pertinente.com.br\/site\/wp-json\/wp\/v2\/posts\/1059"}],"collection":[{"href":"https:\/\/pertinente.com.br\/site\/wp-json\/wp\/v2\/posts"}],"about":[{"href":"https:\/\/pertinente.com.br\/site\/wp-json\/wp\/v2\/types\/post"}],"author":[{"embeddable":true,"href":"https:\/\/pertinente.com.br\/site\/wp-json\/wp\/v2\/users\/1"}],"replies":[{"embeddable":true,"href":"https:\/\/pertinente.com.br\/site\/wp-json\/wp\/v2\/comments?post=1059"}],"version-history":[{"count":1,"href":"https:\/\/pertinente.com.br\/site\/wp-json\/wp\/v2\/posts\/1059\/revisions"}],"predecessor-version":[{"id":1061,"href":"https:\/\/pertinente.com.br\/site\/wp-json\/wp\/v2\/posts\/1059\/revisions\/1061"}],"wp:featuredmedia":[{"embeddable":true,"href":"https:\/\/pertinente.com.br\/site\/wp-json\/wp\/v2\/media\/1060"}],"wp:attachment":[{"href":"https:\/\/pertinente.com.br\/site\/wp-json\/wp\/v2\/media?parent=1059"}],"wp:term":[{"taxonomy":"category","embeddable":true,"href":"https:\/\/pertinente.com.br\/site\/wp-json\/wp\/v2\/categories?post=1059"},{"taxonomy":"post_tag","embeddable":true,"href":"https:\/\/pertinente.com.br\/site\/wp-json\/wp\/v2\/tags?post=1059"}],"curies":[{"name":"wp","href":"https:\/\/api.w.org\/{rel}","templated":true}]}}