{"id":1062,"date":"2020-04-21T23:27:34","date_gmt":"2020-04-22T02:27:34","guid":{"rendered":"http:\/\/pertinente.com.br\/site\/?p=1062"},"modified":"2020-04-21T23:27:37","modified_gmt":"2020-04-22T02:27:37","slug":"stf-autoriza-inquerito-para-apuracao-de-ato-pro-golpe-militar-que-teve-participacao-de-bolsonaro","status":"publish","type":"post","link":"https:\/\/pertinente.com.br\/site\/2020\/04\/21\/stf-autoriza-inquerito-para-apuracao-de-ato-pro-golpe-militar-que-teve-participacao-de-bolsonaro\/","title":{"rendered":"STF autoriza inqu\u00e9rito para apura\u00e7\u00e3o de ato pr\u00f3-golpe militar que teve participa\u00e7\u00e3o de Bolsonaro"},"content":{"rendered":"\n<div class=\"wp-block-image\"><figure class=\"aligncenter size-large is-resized\"><img decoding=\"async\" src=\"http:\/\/pertinente.com.br\/site\/wp-content\/uploads\/2020\/04\/download-3.jpg\" alt=\"\" class=\"wp-image-1063\" width=\"300\" height=\"NaN\"\/><\/figure><\/div>\n\n\n\n<p>Folha &#8211; O ministro Alexandre de Moraes, do STF (Supremo Tribunal Federal), autorizou a abertura de inqu\u00e9rito para investigar as\u00a0<a href=\"https:\/\/www1.folha.uol.com.br\/poder\/2020\/04\/nao-queremos-negociar-nada-diz-bolsonaro-em-carreata-anti-isolamento-em-brasilia.shtml\">manifesta\u00e7\u00f5es realizadas no \u00faltimo domingo (19)<\/a>. O\u00a0<a href=\"https:\/\/www1.folha.uol.com.br\/poder\/2020\/04\/aras-pede-ao-supremo-abertura-de-inquerito-para-investigar-atos-pro-intervencao-militar.shtml\">pedido de investiga\u00e7\u00e3o foi feito na segunda-feira (20) pelo procurador-geral da Rep\u00fablica<\/a>, Augusto Aras.<\/p>\n\n\n\n<p>O&nbsp;<a href=\"https:\/\/www1.folha.uol.com.br\/poder\/2020\/04\/aras-pede-ao-supremo-abertura-de-inquerito-para-investigar-atos-pro-intervencao-militar.shtml\">objetivo de Aras \u00e9 apurar poss\u00edvel viola\u00e7\u00e3o da Lei de Seguran\u00e7a Nacional<\/a>&nbsp;por &#8220;atos contra o regime da democracia brasileira por v\u00e1rios cidad\u00e3os, inclusive deputados federais, o que justifica a compet\u00eancia do STF&#8221;.<\/p>\n\n\n\n<p>\u201cO Estado brasileiro admite \u00fanica ideologia que \u00e9 a do regime da democracia participativa. Qualquer atentado \u00e0 democracia afronta a Constitui\u00e7\u00e3o e a Lei de Seguran\u00e7a Nacional\u201d, afirmou o procurador-geral, sem citar o\u00a0<a href=\"https:\/\/www1.folha.uol.com.br\/poder\/2020\/04\/nao-queremos-negociar-nada-diz-bolsonaro-em-carreata-anti-isolamento-em-brasilia.shtml\">presidente Jair Bolsonaro, que tamb\u00e9m participou de ato em Bras\u00edlia<\/a>.<\/p>\n\n\n\n<p>Leia mais:<\/p>\n\n\n\n<p><a href=\"https:\/\/www1.folha.uol.com.br\/poder\/2020\/04\/moraes-do-stf-atende-pedido-de-aras-e-autoriza-inquerito-para-investigar-atos-pro-golpe.shtml\">https:\/\/www1.folha.uol.com.br\/poder\/2020\/04\/moraes-do-stf-atende-pedido-de-aras-e-autoriza-inquerito-para-investigar-atos-pro-golpe.shtml<\/a><\/p>\n","protected":false},"excerpt":{"rendered":"<p>Folha &#8211; O ministro Alexandre de Moraes, do STF (Supremo Tribunal Federal), autorizou a abertura de inqu\u00e9rito para investigar as\u00a0manifesta\u00e7\u00f5es realizadas no \u00faltimo domingo (19). O\u00a0pedido de investiga\u00e7\u00e3o foi feito na segunda-feira (20) pelo procurador-geral da Rep\u00fablica, Augusto Aras. O&nbsp;objetivo de Aras&hellip;<\/p>\n","protected":false},"author":1,"featured_media":1063,"comment_status":"open","ping_status":"open","sticky":false,"template":"","format":"standard","meta":{"footnotes":""},"categories":[4],"tags":[370,369,66],"_links":{"self":[{"href":"https:\/\/pertinente.com.br\/site\/wp-json\/wp\/v2\/posts\/1062"}],"collection":[{"href":"https:\/\/pertinente.com.br\/site\/wp-json\/wp\/v2\/posts"}],"about":[{"href":"https:\/\/pertinente.com.br\/site\/wp-json\/wp\/v2\/types\/post"}],"author":[{"embeddable":true,"href":"https:\/\/pertinente.com.br\/site\/wp-json\/wp\/v2\/users\/1"}],"replies":[{"embeddable":true,"href":"https:\/\/pertinente.com.br\/site\/wp-json\/wp\/v2\/comments?post=1062"}],"version-history":[{"count":1,"href":"https:\/\/pertinente.com.br\/site\/wp-json\/wp\/v2\/posts\/1062\/revisions"}],"predecessor-version":[{"id":1064,"href":"https:\/\/pertinente.com.br\/site\/wp-json\/wp\/v2\/posts\/1062\/revisions\/1064"}],"wp:featuredmedia":[{"embeddable":true,"href":"https:\/\/pertinente.com.br\/site\/wp-json\/wp\/v2\/media\/1063"}],"wp:attachment":[{"href":"https:\/\/pertinente.com.br\/site\/wp-json\/wp\/v2\/media?parent=1062"}],"wp:term":[{"taxonomy":"category","embeddable":true,"href":"https:\/\/pertinente.com.br\/site\/wp-json\/wp\/v2\/categories?post=1062"},{"taxonomy":"post_tag","embeddable":true,"href":"https:\/\/pertinente.com.br\/site\/wp-json\/wp\/v2\/tags?post=1062"}],"curies":[{"name":"wp","href":"https:\/\/api.w.org\/{rel}","templated":true}]}}