{"id":1069,"date":"2020-04-22T08:57:31","date_gmt":"2020-04-22T11:57:31","guid":{"rendered":"http:\/\/pertinente.com.br\/site\/2020\/04\/22\/coronavirus-o-dia-em-que-o-preco-da-banana-superou-o-do-petroleo\/"},"modified":"2020-04-22T09:00:55","modified_gmt":"2020-04-22T12:00:55","slug":"coronavirus-o-dia-em-que-o-preco-da-banana-superou-o-do-petroleo","status":"publish","type":"post","link":"https:\/\/pertinente.com.br\/site\/2020\/04\/22\/coronavirus-o-dia-em-que-o-preco-da-banana-superou-o-do-petroleo\/","title":{"rendered":"Coronav\u00edrus: O dia em que o pre\u00e7o da banana superou o do petr\u00f3leo"},"content":{"rendered":"\n<figure class=\"wp-block-image size-large\"><img loading=\"lazy\" decoding=\"async\" width=\"715\" height=\"429\" src=\"http:\/\/pertinente.com.br\/site\/wp-content\/uploads\/2020\/04\/images-2020-04-22t0852575133352862615076978..jpg\" alt=\"\" class=\"wp-image-1067\" srcset=\"https:\/\/pertinente.com.br\/site\/wp-content\/uploads\/2020\/04\/images-2020-04-22t0852575133352862615076978..jpg 715w, https:\/\/pertinente.com.br\/site\/wp-content\/uploads\/2020\/04\/images-2020-04-22t0852575133352862615076978.-300x180.jpg 300w\" sizes=\"(max-width: 715px) 100vw, 715px\" \/><\/figure>\n\n\n\n<p>Di\u00e1rio do Nordeste &#8211; Tudo aconteceu na \u00faltima segunda-feira, 20, nos Estados Unidos \u2013 os maiores produtores e, tamb\u00e9m, os maiores consumidores de petr\u00f3leo do mundo.<\/p>\n\n\n\n<p class=\"MsoNormal\">Os produtores e vendedores dessa mat\u00e9ria prima extra\u00edda do ch\u00e3o norte-americano imploraram aos seus clientes compradores que recebessem suas encomendas \u2013 a serem entregues ao longo do pr\u00f3ximo m\u00eas de maio.<\/p>\n\n\n\n<p class=\"MsoNormal\">Proposta recusada sob o argumento de que n\u00e3o t\u00eam mais onde estocar \u00f3leo cru.<\/p>\n\n\n\n<p class=\"MsoNormal\">Que alternativa sobrou para os produtores e vendedores?<\/p>\n\n\n\n<p class=\"MsoNormal\">Propuseram pagar aos compradores at\u00e9 U$ 36 por barril recebido e estocado. Ou seja, o petr\u00f3leo foi negociado a um pre\u00e7o negativo &#8211; caso in\u00e9dito na hist\u00f3ria da ind\u00fastria petrol\u00edfera mundial.<\/p>\n\n\n\n<p>Leia mais:<\/p>\n\n\n\n<p><a href=\"https:\/\/diariodonordeste.verdesmares.com.br\/opiniao\/colunistas\/egidio-serpa-1.209\/coronavirus-o-dia-em-que-o-preco-da-banana-superou-o-do-petroleo-1.2237244\">https:\/\/diariodonordeste.verdesmares.com.br\/opiniao\/colunistas\/egidio-serpa-1.209\/coronavirus-o-dia-em-que-o-preco-da-banana-superou-o-do-petroleo-1.2237244<\/a><\/p>\n\n\n\n<p><\/p>\n","protected":false},"excerpt":{"rendered":"<p>Di\u00e1rio do Nordeste &#8211; Tudo aconteceu na \u00faltima segunda-feira, 20, nos Estados Unidos \u2013 os maiores produtores e, tamb\u00e9m, os maiores consumidores de petr\u00f3leo do mundo. Os produtores e vendedores dessa mat\u00e9ria prima extra\u00edda do ch\u00e3o norte-americano imploraram aos seus clientes compradores&hellip;<\/p>\n","protected":false},"author":1,"featured_media":1068,"comment_status":"open","ping_status":"open","sticky":false,"template":"","format":"standard","meta":{"footnotes":""},"categories":[4],"tags":[371],"_links":{"self":[{"href":"https:\/\/pertinente.com.br\/site\/wp-json\/wp\/v2\/posts\/1069"}],"collection":[{"href":"https:\/\/pertinente.com.br\/site\/wp-json\/wp\/v2\/posts"}],"about":[{"href":"https:\/\/pertinente.com.br\/site\/wp-json\/wp\/v2\/types\/post"}],"author":[{"embeddable":true,"href":"https:\/\/pertinente.com.br\/site\/wp-json\/wp\/v2\/users\/1"}],"replies":[{"embeddable":true,"href":"https:\/\/pertinente.com.br\/site\/wp-json\/wp\/v2\/comments?post=1069"}],"version-history":[{"count":1,"href":"https:\/\/pertinente.com.br\/site\/wp-json\/wp\/v2\/posts\/1069\/revisions"}],"predecessor-version":[{"id":1070,"href":"https:\/\/pertinente.com.br\/site\/wp-json\/wp\/v2\/posts\/1069\/revisions\/1070"}],"wp:featuredmedia":[{"embeddable":true,"href":"https:\/\/pertinente.com.br\/site\/wp-json\/wp\/v2\/media\/1068"}],"wp:attachment":[{"href":"https:\/\/pertinente.com.br\/site\/wp-json\/wp\/v2\/media?parent=1069"}],"wp:term":[{"taxonomy":"category","embeddable":true,"href":"https:\/\/pertinente.com.br\/site\/wp-json\/wp\/v2\/categories?post=1069"},{"taxonomy":"post_tag","embeddable":true,"href":"https:\/\/pertinente.com.br\/site\/wp-json\/wp\/v2\/tags?post=1069"}],"curies":[{"name":"wp","href":"https:\/\/api.w.org\/{rel}","templated":true}]}}