{"id":1072,"date":"2020-04-23T11:43:41","date_gmt":"2020-04-23T14:43:41","guid":{"rendered":"http:\/\/pertinente.com.br\/site\/?p=1072"},"modified":"2020-04-23T11:43:43","modified_gmt":"2020-04-23T14:43:43","slug":"ex-ministro-do-stf-ayres-britto-diz-que-bolsonaro-pode-sofrer-impeachment","status":"publish","type":"post","link":"https:\/\/pertinente.com.br\/site\/2020\/04\/23\/ex-ministro-do-stf-ayres-britto-diz-que-bolsonaro-pode-sofrer-impeachment\/","title":{"rendered":"Ex-ministro do STF, Ayres Britto diz que Bolsonaro pode sofrer impeachment"},"content":{"rendered":"\n<figure class=\"wp-block-image size-large\"><img loading=\"lazy\" decoding=\"async\" width=\"800\" height=\"450\" src=\"http:\/\/pertinente.com.br\/site\/wp-content\/uploads\/2020\/04\/Carlos-Ayres-Britto.jpg\" alt=\"\" class=\"wp-image-1073\" srcset=\"https:\/\/pertinente.com.br\/site\/wp-content\/uploads\/2020\/04\/Carlos-Ayres-Britto.jpg 800w, https:\/\/pertinente.com.br\/site\/wp-content\/uploads\/2020\/04\/Carlos-Ayres-Britto-300x169.jpg 300w, https:\/\/pertinente.com.br\/site\/wp-content\/uploads\/2020\/04\/Carlos-Ayres-Britto-768x432.jpg 768w\" sizes=\"(max-width: 800px) 100vw, 800px\" \/><\/figure>\n\n\n\n<p>O ex-ministro do Supremo Tribunal Federal (<strong>STF<\/strong>)&nbsp;<strong>Ayres Britto&nbsp;<\/strong>afirmou, nesta quarta-feira (22\/4), que o presidente<strong>&nbsp;Jair Bolsonaro<\/strong>&nbsp;pode sofrer um&nbsp;<strong>processo de impeachment&nbsp;<\/strong>em raz\u00e3o da conduta em meio a&nbsp;<strong>pandemia de coronav\u00edrus<\/strong>. Para o ex-ministro, Bolsonaro violou a Constitui\u00e7\u00e3o ao participar de atos que pediram o fechamento do&nbsp;<strong>Congresso Nacional e do Supremo<\/strong>.<\/p>\n\n\n\n<p>Na vis\u00e3o de Britto, outro fato grave na conduta do presidente \u00e9 o fato de incentivar as pessoas a irem \u00e0s ruas, colocando em risco o direito coletiva e individual \u00e0 sa\u00fade.<\/p>\n\n\n\n<p>&#8220;O artigo 85 da Constitui\u00e7\u00e3o diz que s\u00e3o crimes de responsabilidade os atos do presidente da Rep\u00fablica que atendem contra a Constitui\u00e7\u00e3o, e especialmente, ai vem tr\u00eas dispositivos com aplicabilidade ao caso: o livre exerc\u00edcio do Poder Judici\u00e1rio e do Poder Legislativo, do Minist\u00e9rio P\u00fablico e dos Poderes Constitucionais&#8221;, disse Ayres Britto em um evento online organizado pelo\u00a0<em>Portal Uol<\/em>.<\/p>\n\n\n\n<p>Leia mais:<\/p>\n\n\n\n<p><a href=\"https:\/\/www.correiobraziliense.com.br\/app\/noticia\/politica\/2020\/04\/22\/interna_politica,847124\/ayres-britto-diz-que-bolsonaro-pode-sofrer-impeachment.shtml\">https:\/\/www.correiobraziliense.com.br\/app\/noticia\/politica\/2020\/04\/22\/interna_politica,847124\/ayres-britto-diz-que-bolsonaro-pode-sofrer-impeachment.shtml<\/a><\/p>\n","protected":false},"excerpt":{"rendered":"<p>O ex-ministro do Supremo Tribunal Federal (STF)&nbsp;Ayres Britto&nbsp;afirmou, nesta quarta-feira (22\/4), que o presidente&nbsp;Jair Bolsonaro&nbsp;pode sofrer um&nbsp;processo de impeachment&nbsp;em raz\u00e3o da conduta em meio a&nbsp;pandemia de coronav\u00edrus. Para o ex-ministro, Bolsonaro violou a Constitui\u00e7\u00e3o ao participar de atos que pediram o fechamento&hellip;<\/p>\n","protected":false},"author":1,"featured_media":1073,"comment_status":"open","ping_status":"open","sticky":false,"template":"","format":"standard","meta":{"footnotes":""},"categories":[4],"tags":[9,66],"_links":{"self":[{"href":"https:\/\/pertinente.com.br\/site\/wp-json\/wp\/v2\/posts\/1072"}],"collection":[{"href":"https:\/\/pertinente.com.br\/site\/wp-json\/wp\/v2\/posts"}],"about":[{"href":"https:\/\/pertinente.com.br\/site\/wp-json\/wp\/v2\/types\/post"}],"author":[{"embeddable":true,"href":"https:\/\/pertinente.com.br\/site\/wp-json\/wp\/v2\/users\/1"}],"replies":[{"embeddable":true,"href":"https:\/\/pertinente.com.br\/site\/wp-json\/wp\/v2\/comments?post=1072"}],"version-history":[{"count":1,"href":"https:\/\/pertinente.com.br\/site\/wp-json\/wp\/v2\/posts\/1072\/revisions"}],"predecessor-version":[{"id":1074,"href":"https:\/\/pertinente.com.br\/site\/wp-json\/wp\/v2\/posts\/1072\/revisions\/1074"}],"wp:featuredmedia":[{"embeddable":true,"href":"https:\/\/pertinente.com.br\/site\/wp-json\/wp\/v2\/media\/1073"}],"wp:attachment":[{"href":"https:\/\/pertinente.com.br\/site\/wp-json\/wp\/v2\/media?parent=1072"}],"wp:term":[{"taxonomy":"category","embeddable":true,"href":"https:\/\/pertinente.com.br\/site\/wp-json\/wp\/v2\/categories?post=1072"},{"taxonomy":"post_tag","embeddable":true,"href":"https:\/\/pertinente.com.br\/site\/wp-json\/wp\/v2\/tags?post=1072"}],"curies":[{"name":"wp","href":"https:\/\/api.w.org\/{rel}","templated":true}]}}