{"id":1077,"date":"2020-04-23T16:17:51","date_gmt":"2020-04-23T19:17:51","guid":{"rendered":"https:\/\/pertinente.com.br\/site\/2020\/04\/23\/moro-pede-demissao-apos-troca-na-pf-e-bolsonaro-tenta-reverter\/"},"modified":"2020-04-23T16:23:02","modified_gmt":"2020-04-23T19:23:02","slug":"moro-pede-demissao-apos-troca-na-pf-e-bolsonaro-tenta-reverter","status":"publish","type":"post","link":"https:\/\/pertinente.com.br\/site\/2020\/04\/23\/moro-pede-demissao-apos-troca-na-pf-e-bolsonaro-tenta-reverter\/","title":{"rendered":"Moro pede demiss\u00e3o ap\u00f3s troca na PF, e Bolsonaro tenta reverter"},"content":{"rendered":"\n<figure class=\"wp-block-image size-large\"><img loading=\"lazy\" decoding=\"async\" width=\"768\" height=\"489\" src=\"https:\/\/pertinente.com.br\/site\/wp-content\/uploads\/2020\/04\/15831951055e5da3e10b2f3_1583195105_3x2_md2416600751324383321.jpg\" alt=\"\" class=\"wp-image-1075\" srcset=\"https:\/\/pertinente.com.br\/site\/wp-content\/uploads\/2020\/04\/15831951055e5da3e10b2f3_1583195105_3x2_md2416600751324383321.jpg 768w, https:\/\/pertinente.com.br\/site\/wp-content\/uploads\/2020\/04\/15831951055e5da3e10b2f3_1583195105_3x2_md2416600751324383321-300x191.jpg 300w\" sizes=\"(max-width: 768px) 100vw, 768px\" \/><\/figure>\n\n\n\n<p>Folha &#8211; O ministro Sergio Moro (Justi\u00e7a) pediu demiss\u00e3o a Jair Bolsonaro nesta quinta-feira (23) ao ser informado pelo presidente da decis\u00e3o de trocar a diretoria-geral da Pol\u00edcia Federal, hoje ocupada por Maur\u00edcio Valeixo.<\/p>\n\n\n\n<p>Bolsonaro informou o ministro, em reuni\u00e3o, que a mudan\u00e7a na PF deve ocorrer nos pr\u00f3ximos dias. Moro ent\u00e3o pediu demiss\u00e3o do cargo, e Bolsonaro tenta agora reverter a decis\u00e3o do ex-juiz federal.<\/p>\n\n\n\n<p>Leia mais:<\/p>\n\n\n\n<p><a href=\"https:\/\/www1.folha.uol.com.br\/poder\/2020\/04\/bolsonaro-avisa-moro-que-vai-trocar-diretor-geral-da-policia-federal.shtml?utm_source=facebook&amp;utm_medium=social-media&amp;utm_campaign=uol&amp;utm_content=geral\">https:\/\/www1.folha.uol.com.br\/poder\/2020\/04\/bolsonaro-avisa-moro-que-vai-trocar-diretor-geral-da-policia-federal.shtml?utm_source=facebook&amp;utm_medium=social-media&amp;utm_campaign=uol&amp;utm_content=geral<\/a><\/p>\n","protected":false},"excerpt":{"rendered":"<p>Folha &#8211; O ministro Sergio Moro (Justi\u00e7a) pediu demiss\u00e3o a Jair Bolsonaro nesta quinta-feira (23) ao ser informado pelo presidente da decis\u00e3o de trocar a diretoria-geral da Pol\u00edcia Federal, hoje ocupada por Maur\u00edcio Valeixo. Bolsonaro informou o ministro, em reuni\u00e3o, que a&hellip;<\/p>\n","protected":false},"author":1,"featured_media":1076,"comment_status":"open","ping_status":"open","sticky":false,"template":"","format":"standard","meta":{"footnotes":""},"categories":[4],"tags":[372,21],"_links":{"self":[{"href":"https:\/\/pertinente.com.br\/site\/wp-json\/wp\/v2\/posts\/1077"}],"collection":[{"href":"https:\/\/pertinente.com.br\/site\/wp-json\/wp\/v2\/posts"}],"about":[{"href":"https:\/\/pertinente.com.br\/site\/wp-json\/wp\/v2\/types\/post"}],"author":[{"embeddable":true,"href":"https:\/\/pertinente.com.br\/site\/wp-json\/wp\/v2\/users\/1"}],"replies":[{"embeddable":true,"href":"https:\/\/pertinente.com.br\/site\/wp-json\/wp\/v2\/comments?post=1077"}],"version-history":[{"count":2,"href":"https:\/\/pertinente.com.br\/site\/wp-json\/wp\/v2\/posts\/1077\/revisions"}],"predecessor-version":[{"id":1079,"href":"https:\/\/pertinente.com.br\/site\/wp-json\/wp\/v2\/posts\/1077\/revisions\/1079"}],"wp:featuredmedia":[{"embeddable":true,"href":"https:\/\/pertinente.com.br\/site\/wp-json\/wp\/v2\/media\/1076"}],"wp:attachment":[{"href":"https:\/\/pertinente.com.br\/site\/wp-json\/wp\/v2\/media?parent=1077"}],"wp:term":[{"taxonomy":"category","embeddable":true,"href":"https:\/\/pertinente.com.br\/site\/wp-json\/wp\/v2\/categories?post=1077"},{"taxonomy":"post_tag","embeddable":true,"href":"https:\/\/pertinente.com.br\/site\/wp-json\/wp\/v2\/tags?post=1077"}],"curies":[{"name":"wp","href":"https:\/\/api.w.org\/{rel}","templated":true}]}}