{"id":1080,"date":"2020-04-24T11:59:20","date_gmt":"2020-04-24T14:59:20","guid":{"rendered":"http:\/\/pertinente.com.br\/site\/?p=1080"},"modified":"2020-04-24T12:00:44","modified_gmt":"2020-04-24T15:00:44","slug":"ao-anunciar-demissao-moro-diz-que-bolsonaro-queria-mexer-na-pf-para-ter-acesso-a-relatorios-de-inteligencia","status":"publish","type":"post","link":"https:\/\/pertinente.com.br\/site\/2020\/04\/24\/ao-anunciar-demissao-moro-diz-que-bolsonaro-queria-mexer-na-pf-para-ter-acesso-a-relatorios-de-inteligencia\/","title":{"rendered":"Ao anunciar demiss\u00e3o, Moro diz que Bolsonaro queria mexer na PF para ter acesso a relat\u00f3rios de intelig\u00eancia"},"content":{"rendered":"\n<figure class=\"wp-block-image size-large\"><img loading=\"lazy\" decoding=\"async\" width=\"768\" height=\"1024\" src=\"http:\/\/pertinente.com.br\/site\/wp-content\/uploads\/2020\/04\/img-20200424-wa00048804837082627367737-768x1024.jpg\" alt=\"\" class=\"wp-image-1083\" srcset=\"https:\/\/pertinente.com.br\/site\/wp-content\/uploads\/2020\/04\/img-20200424-wa00048804837082627367737-768x1024.jpg 768w, https:\/\/pertinente.com.br\/site\/wp-content\/uploads\/2020\/04\/img-20200424-wa00048804837082627367737-225x300.jpg 225w, https:\/\/pertinente.com.br\/site\/wp-content\/uploads\/2020\/04\/img-20200424-wa00048804837082627367737.jpg 774w\" sizes=\"(max-width: 768px) 100vw, 768px\" \/><\/figure>\n\n\n\n<p><br \/>Folha &#8211; Ao anunciar sua demiss\u00e3o do governo federal nesta sexta-feira, o ministro Sergio Moro (Justi\u00e7a) falou na &#8220;insist\u00eancia&#8221; do presidente Jair Bolsonaro para a troca do comando da Pol\u00edcia Federal, sem apresentar causas que fossem aceit\u00e1veis. Disse que Bolsonaro queria ter acesso a informa\u00e7\u00f5es e relat\u00f3rios confidenciais de intelig\u00eancia.<\/p>\n\n\n\n<p>&#8220;N\u00e3o s\u00e3o aceit\u00e1veis indica\u00e7\u00f5es pol\u00edticas.&#8221; Ele falou em &#8220;viola\u00e7\u00e3o de uma promessa que me foi feita inicialmente de que eu teria uma carta branca&#8221;. &#8220;Haveria abalo na credibilidade do governo com a lei.&#8221;<\/p>\n\n\n\n<p>Leia mais:<\/p>\n\n\n\n<p><a href=\"https:\/\/www1.folha.uol.com.br\/poder\/2020\/04\/ao-anunciar-demissao-moro-critica-interferencia-de-bolsonaro-na-pf-e-destaca-autonomia-em-gestoes-do-pt.shtml\">https:\/\/www1.folha.uol.com.br\/poder\/2020\/04\/ao-anunciar-demissao-moro-critica-interferencia-de-bolsonaro-na-pf-e-destaca-autonomia-em-gestoes-do-pt.shtml<\/a><\/p>\n","protected":false},"excerpt":{"rendered":"<p>Folha &#8211; Ao anunciar sua demiss\u00e3o do governo federal nesta sexta-feira, o ministro Sergio Moro (Justi\u00e7a) falou na &#8220;insist\u00eancia&#8221; do presidente Jair Bolsonaro para a troca do comando da Pol\u00edcia Federal, sem apresentar causas que fossem aceit\u00e1veis. Disse que Bolsonaro queria ter&hellip;<\/p>\n","protected":false},"author":1,"featured_media":1084,"comment_status":"open","ping_status":"open","sticky":false,"template":"","format":"standard","meta":{"footnotes":""},"categories":[4],"tags":[372,21],"_links":{"self":[{"href":"https:\/\/pertinente.com.br\/site\/wp-json\/wp\/v2\/posts\/1080"}],"collection":[{"href":"https:\/\/pertinente.com.br\/site\/wp-json\/wp\/v2\/posts"}],"about":[{"href":"https:\/\/pertinente.com.br\/site\/wp-json\/wp\/v2\/types\/post"}],"author":[{"embeddable":true,"href":"https:\/\/pertinente.com.br\/site\/wp-json\/wp\/v2\/users\/1"}],"replies":[{"embeddable":true,"href":"https:\/\/pertinente.com.br\/site\/wp-json\/wp\/v2\/comments?post=1080"}],"version-history":[{"count":3,"href":"https:\/\/pertinente.com.br\/site\/wp-json\/wp\/v2\/posts\/1080\/revisions"}],"predecessor-version":[{"id":1085,"href":"https:\/\/pertinente.com.br\/site\/wp-json\/wp\/v2\/posts\/1080\/revisions\/1085"}],"wp:featuredmedia":[{"embeddable":true,"href":"https:\/\/pertinente.com.br\/site\/wp-json\/wp\/v2\/media\/1084"}],"wp:attachment":[{"href":"https:\/\/pertinente.com.br\/site\/wp-json\/wp\/v2\/media?parent=1080"}],"wp:term":[{"taxonomy":"category","embeddable":true,"href":"https:\/\/pertinente.com.br\/site\/wp-json\/wp\/v2\/categories?post=1080"},{"taxonomy":"post_tag","embeddable":true,"href":"https:\/\/pertinente.com.br\/site\/wp-json\/wp\/v2\/tags?post=1080"}],"curies":[{"name":"wp","href":"https:\/\/api.w.org\/{rel}","templated":true}]}}