{"id":1088,"date":"2020-04-24T12:15:17","date_gmt":"2020-04-24T15:15:17","guid":{"rendered":"http:\/\/pertinente.com.br\/site\/?p=1088"},"modified":"2020-04-24T12:16:43","modified_gmt":"2020-04-24T15:16:43","slug":"moro-enterra-governo-da-senha-para-impeachment-de-bolsonaro-e-vira-candidato","status":"publish","type":"post","link":"https:\/\/pertinente.com.br\/site\/2020\/04\/24\/moro-enterra-governo-da-senha-para-impeachment-de-bolsonaro-e-vira-candidato\/","title":{"rendered":"Moro enterra governo, d\u00e1 senha para impeachment de Bolsonaro e vira candidato"},"content":{"rendered":"<figure class=\"wp-block-image size-large\"><img loading=\"lazy\" decoding=\"async\" width=\"768\" height=\"512\" class=\"wp-image-1086\" src=\"http:\/\/pertinente.com.br\/site\/wp-content\/uploads\/2020\/04\/15877394055ea2fb0dbc744_1587739405_3x2_md5205617639184285241.jpg\" alt=\"\" srcset=\"https:\/\/pertinente.com.br\/site\/wp-content\/uploads\/2020\/04\/15877394055ea2fb0dbc744_1587739405_3x2_md5205617639184285241.jpg 768w, https:\/\/pertinente.com.br\/site\/wp-content\/uploads\/2020\/04\/15877394055ea2fb0dbc744_1587739405_3x2_md5205617639184285241-300x200.jpg 300w\" sizes=\"(max-width: 768px) 100vw, 768px\" \/><\/figure><p>Folha &#8211; Em seu pronunciamento, acusou diretamente Bolsonaro de interferir no combate \u00e0 corrup\u00e7\u00e3o ao exonerar sem sua anu\u00eancia o diretor da Pol\u00edcia Federal, Maur\u00edcio Valeixo, prever mudan\u00e7as em superintend\u00eancias estaduais do \u00f3rg\u00e3o e pedir acesso a relat\u00f3rios de investiga\u00e7\u00f5es.<\/p> <p>N\u00e3o \u00e9 apenas uma acusa\u00e7\u00e3o que implode uma das funda\u00e7\u00f5es do edif\u00edcio do bolsonarismo: \u00e9 a insinua\u00e7\u00e3o de um crime de responsabilidade que pode embasar, de forma bastante objetiva, um pedido de impeachment contra o ex-chefe.<\/p> <p>Leia mais:<\/p> <p><a href=\"https:\/\/www1.folha.uol.com.br\/poder\/2020\/04\/moro-enterra-governo-da-senha-para-impeachment-de-bolsonaro-e-vira-candidato.shtml\">https:\/\/www1.folha.uol.com.br\/poder\/2020\/04\/moro-enterra-governo-da-senha-para-impeachment-de-bolsonaro-e-vira-candidato.shtml<\/a><\/p>","protected":false},"excerpt":{"rendered":"<p>Folha &#8211; Em seu pronunciamento, acusou diretamente Bolsonaro de interferir no combate \u00e0 corrup\u00e7\u00e3o ao exonerar sem sua anu\u00eancia o diretor da Pol\u00edcia Federal, Maur\u00edcio Valeixo, prever mudan\u00e7as em superintend\u00eancias estaduais do \u00f3rg\u00e3o e pedir acesso a relat\u00f3rios de investiga\u00e7\u00f5es. N\u00e3o \u00e9&hellip;<\/p>\n","protected":false},"author":1,"featured_media":1087,"comment_status":"open","ping_status":"open","sticky":false,"template":"","format":"standard","meta":{"footnotes":""},"categories":[4],"tags":[372,60,373,21,99],"_links":{"self":[{"href":"https:\/\/pertinente.com.br\/site\/wp-json\/wp\/v2\/posts\/1088"}],"collection":[{"href":"https:\/\/pertinente.com.br\/site\/wp-json\/wp\/v2\/posts"}],"about":[{"href":"https:\/\/pertinente.com.br\/site\/wp-json\/wp\/v2\/types\/post"}],"author":[{"embeddable":true,"href":"https:\/\/pertinente.com.br\/site\/wp-json\/wp\/v2\/users\/1"}],"replies":[{"embeddable":true,"href":"https:\/\/pertinente.com.br\/site\/wp-json\/wp\/v2\/comments?post=1088"}],"version-history":[{"count":1,"href":"https:\/\/pertinente.com.br\/site\/wp-json\/wp\/v2\/posts\/1088\/revisions"}],"predecessor-version":[{"id":1089,"href":"https:\/\/pertinente.com.br\/site\/wp-json\/wp\/v2\/posts\/1088\/revisions\/1089"}],"wp:featuredmedia":[{"embeddable":true,"href":"https:\/\/pertinente.com.br\/site\/wp-json\/wp\/v2\/media\/1087"}],"wp:attachment":[{"href":"https:\/\/pertinente.com.br\/site\/wp-json\/wp\/v2\/media?parent=1088"}],"wp:term":[{"taxonomy":"category","embeddable":true,"href":"https:\/\/pertinente.com.br\/site\/wp-json\/wp\/v2\/categories?post=1088"},{"taxonomy":"post_tag","embeddable":true,"href":"https:\/\/pertinente.com.br\/site\/wp-json\/wp\/v2\/tags?post=1088"}],"curies":[{"name":"wp","href":"https:\/\/api.w.org\/{rel}","templated":true}]}}