{"id":1092,"date":"2020-04-24T15:42:52","date_gmt":"2020-04-24T18:42:52","guid":{"rendered":"http:\/\/pertinente.com.br\/site\/?p=1092"},"modified":"2020-04-24T15:43:14","modified_gmt":"2020-04-24T18:43:14","slug":"ala-militar-se-ve-traida-e-discute-se-segue-com-bolsonaro","status":"publish","type":"post","link":"https:\/\/pertinente.com.br\/site\/2020\/04\/24\/ala-militar-se-ve-traida-e-discute-se-segue-com-bolsonaro\/","title":{"rendered":"Ala militar se v\u00ea tra\u00edda e discute se segue com Bolsonaro"},"content":{"rendered":"<figure class=\"wp-block-image size-large\"><img loading=\"lazy\" decoding=\"async\" width=\"768\" height=\"512\" class=\"wp-image-1090\" src=\"http:\/\/pertinente.com.br\/site\/wp-content\/uploads\/2020\/04\/15877471815ea3196d9a92e_1587747181_3x2_md4706743333355851673.jpg\" alt=\"\" srcset=\"https:\/\/pertinente.com.br\/site\/wp-content\/uploads\/2020\/04\/15877471815ea3196d9a92e_1587747181_3x2_md4706743333355851673.jpg 768w, https:\/\/pertinente.com.br\/site\/wp-content\/uploads\/2020\/04\/15877471815ea3196d9a92e_1587747181_3x2_md4706743333355851673-300x200.jpg 300w\" sizes=\"(max-width: 768px) 100vw, 768px\" \/><\/figure><p>Folha &#8211; A ala militar do governo Jair Bolsonaro entrou em crise\u00a0<a href=\"https:\/\/www1.folha.uol.com.br\/poder\/2020\/04\/ao-anunciar-demissao-moro-critica-interferencia-de-bolsonaro-na-pf-e-destaca-autonomia-em-gestoes-do-pt.shtml\">com a bomb\u00e1stica sa\u00edda de Sergio Moro<\/a>\u00a0do Minist\u00e9rio da Justi\u00e7a e Seguran\u00e7a P\u00fablica. A retirada do apoio ao presidente \u00e9 uma das hip\u00f3teses na mesa que, se concretizada, pode levar a uma ren\u00fancia.<\/p> <p>Al\u00e9m da press\u00e3o interna, os militares do governo est\u00e3o vendo subir a insatisfa\u00e7\u00e3o do servi\u00e7o ativo com a condu\u00e7\u00e3o da crise do coronav\u00edrus. Segundo relatos vindos da ativa, o comandante do Ex\u00e9rcito, general Edson Pujol, est\u00e1 cada vez falando menos a mesma l\u00edngua que a do ministro da Defesa, general Fernando Azevedo.<\/p> <p>Leia mais:<\/p> <p><a href=\"https:\/\/www1.folha.uol.com.br\/poder\/2020\/04\/ala-militar-se-ve-traida-e-discute-se-segue-com-bolsonaro.shtml\">https:\/\/www1.folha.uol.com.br\/poder\/2020\/04\/ala-militar-se-ve-traida-e-discute-se-segue-com-bolsonaro.shtml<\/a><\/p>","protected":false},"excerpt":{"rendered":"<p>Folha &#8211; A ala militar do governo Jair Bolsonaro entrou em crise\u00a0com a bomb\u00e1stica sa\u00edda de Sergio Moro\u00a0do Minist\u00e9rio da Justi\u00e7a e Seguran\u00e7a P\u00fablica. A retirada do apoio ao presidente \u00e9 uma das hip\u00f3teses na mesa que, se concretizada, pode levar a&hellip;<\/p>\n","protected":false},"author":1,"featured_media":1091,"comment_status":"open","ping_status":"open","sticky":false,"template":"","format":"standard","meta":{"footnotes":""},"categories":[4],"tags":[212,133],"_links":{"self":[{"href":"https:\/\/pertinente.com.br\/site\/wp-json\/wp\/v2\/posts\/1092"}],"collection":[{"href":"https:\/\/pertinente.com.br\/site\/wp-json\/wp\/v2\/posts"}],"about":[{"href":"https:\/\/pertinente.com.br\/site\/wp-json\/wp\/v2\/types\/post"}],"author":[{"embeddable":true,"href":"https:\/\/pertinente.com.br\/site\/wp-json\/wp\/v2\/users\/1"}],"replies":[{"embeddable":true,"href":"https:\/\/pertinente.com.br\/site\/wp-json\/wp\/v2\/comments?post=1092"}],"version-history":[{"count":2,"href":"https:\/\/pertinente.com.br\/site\/wp-json\/wp\/v2\/posts\/1092\/revisions"}],"predecessor-version":[{"id":1094,"href":"https:\/\/pertinente.com.br\/site\/wp-json\/wp\/v2\/posts\/1092\/revisions\/1094"}],"wp:featuredmedia":[{"embeddable":true,"href":"https:\/\/pertinente.com.br\/site\/wp-json\/wp\/v2\/media\/1091"}],"wp:attachment":[{"href":"https:\/\/pertinente.com.br\/site\/wp-json\/wp\/v2\/media?parent=1092"}],"wp:term":[{"taxonomy":"category","embeddable":true,"href":"https:\/\/pertinente.com.br\/site\/wp-json\/wp\/v2\/categories?post=1092"},{"taxonomy":"post_tag","embeddable":true,"href":"https:\/\/pertinente.com.br\/site\/wp-json\/wp\/v2\/tags?post=1092"}],"curies":[{"name":"wp","href":"https:\/\/api.w.org\/{rel}","templated":true}]}}