{"id":1097,"date":"2020-04-24T18:31:42","date_gmt":"2020-04-24T21:31:42","guid":{"rendered":"https:\/\/pertinente.com.br\/site\/?p=1097"},"modified":"2020-04-24T18:35:13","modified_gmt":"2020-04-24T21:35:13","slug":"bolsonaro-diz-que-moro-aceitaria-demissao-de-valeixo-depois-de-ser-indicado-para-o-stf","status":"publish","type":"post","link":"https:\/\/pertinente.com.br\/site\/2020\/04\/24\/bolsonaro-diz-que-moro-aceitaria-demissao-de-valeixo-depois-de-ser-indicado-para-o-stf\/","title":{"rendered":"Bolsonaro diz que Moro aceitaria demiss\u00e3o de Valeixo depois de ser indicado para o STF"},"content":{"rendered":"<figure class=\"wp-block-image size-large\"><img loading=\"lazy\" decoding=\"async\" width=\"277\" height=\"182\" class=\"wp-image-1095\" src=\"https:\/\/pertinente.com.br\/site\/wp-content\/uploads\/2020\/04\/images-2020-04-24t1829253085977234861019369..jpg\" alt=\"\" \/><\/figure><p>G1.Globo &#8211; No pronunciamento, em resposta, \u00e0 manifesta\u00e7\u00e3o de Sergio Moro pela manh\u00e3, Bolsonaro afirmou que:<\/p> <ul class=\"content-unordered-list\"><li>Sergio Moro condicionou a substitui\u00e7\u00e3o de Mauricio Valeixo \u00e0 indica\u00e7\u00e3o dele, Moro, para ministro do STF; ap\u00f3s o pronunciamento do presidente, Moro contestou essa afirma\u00e7\u00e3o;<\/li><li>n\u00e3o tem de pedir autoriza\u00e7\u00e3o a ningu\u00e9m para trocar algum ocupante de cargo no Poder Executivo;<\/li><li>pedia a Moro, mas nunca obteve, um relat\u00f3rio di\u00e1rio das atividades da PF para poder tomar decis\u00f5es de governo;<\/li><li>durante a gest\u00e3o de Moro, a PF estava mais preocupada em investigar o assassinato da vereadora Marielle Franco, do Rio de Janeiro, que o atentado sofrido por ele durante a campanha eleitoral;<\/li><li>se Moro queria ter independ\u00eancia e autoridade deveria se candidatar.<\/li><\/ul> <h2 class=\"wp-block-heading\">STF<\/h2> <p>&#8220;Mais de uma vez, o senhor Sergio Moro disse para mim: &#8216;Voc\u00ea pode trocar o Valeixo sim, mas em novembro, depois que o senhor me indicar para o STF'&#8221;, declarou Bolsonaro.<\/p> <p>Leia mais:<\/p> <p><a href=\"https:\/\/g1.globo.com\/politica\/noticia\/2020\/04\/24\/bolsonaro-diz-que-moro-aceitaria-demissao-de-valeixo-depois-de-ser-indicado-para-o-stf.ghtml\">https:\/\/g1.globo.com\/politica\/noticia\/2020\/04\/24\/bolsonaro-diz-que-moro-aceitaria-demissao-de-valeixo-depois-de-ser-indicado-para-o-stf.ghtml<\/a><\/p>","protected":false},"excerpt":{"rendered":"<p>G1.Globo &#8211; No pronunciamento, em resposta, \u00e0 manifesta\u00e7\u00e3o de Sergio Moro pela manh\u00e3, Bolsonaro afirmou que: Sergio Moro condicionou a substitui\u00e7\u00e3o de Mauricio Valeixo \u00e0 indica\u00e7\u00e3o dele, Moro, para ministro do STF; ap\u00f3s o pronunciamento do presidente, Moro contestou essa afirma\u00e7\u00e3o; n\u00e3o&hellip;<\/p>\n","protected":false},"author":1,"featured_media":1096,"comment_status":"open","ping_status":"open","sticky":false,"template":"","format":"standard","meta":{"footnotes":""},"categories":[4],"tags":[374,21,66],"_links":{"self":[{"href":"https:\/\/pertinente.com.br\/site\/wp-json\/wp\/v2\/posts\/1097"}],"collection":[{"href":"https:\/\/pertinente.com.br\/site\/wp-json\/wp\/v2\/posts"}],"about":[{"href":"https:\/\/pertinente.com.br\/site\/wp-json\/wp\/v2\/types\/post"}],"author":[{"embeddable":true,"href":"https:\/\/pertinente.com.br\/site\/wp-json\/wp\/v2\/users\/1"}],"replies":[{"embeddable":true,"href":"https:\/\/pertinente.com.br\/site\/wp-json\/wp\/v2\/comments?post=1097"}],"version-history":[{"count":2,"href":"https:\/\/pertinente.com.br\/site\/wp-json\/wp\/v2\/posts\/1097\/revisions"}],"predecessor-version":[{"id":1099,"href":"https:\/\/pertinente.com.br\/site\/wp-json\/wp\/v2\/posts\/1097\/revisions\/1099"}],"wp:featuredmedia":[{"embeddable":true,"href":"https:\/\/pertinente.com.br\/site\/wp-json\/wp\/v2\/media\/1096"}],"wp:attachment":[{"href":"https:\/\/pertinente.com.br\/site\/wp-json\/wp\/v2\/media?parent=1097"}],"wp:term":[{"taxonomy":"category","embeddable":true,"href":"https:\/\/pertinente.com.br\/site\/wp-json\/wp\/v2\/categories?post=1097"},{"taxonomy":"post_tag","embeddable":true,"href":"https:\/\/pertinente.com.br\/site\/wp-json\/wp\/v2\/tags?post=1097"}],"curies":[{"name":"wp","href":"https:\/\/api.w.org\/{rel}","templated":true}]}}