{"id":1103,"date":"2020-04-24T21:42:47","date_gmt":"2020-04-25T00:42:47","guid":{"rendered":"https:\/\/pertinente.com.br\/site\/2020\/04\/24\/ministro-do-stf-marco-aurelio-nao-descarta-crime-de-bolsonaro-e-fala-em-impeachment\/"},"modified":"2020-04-24T21:42:47","modified_gmt":"2020-04-25T00:42:47","slug":"ministro-do-stf-marco-aurelio-nao-descarta-crime-de-bolsonaro-e-fala-em-impeachment","status":"publish","type":"post","link":"https:\/\/pertinente.com.br\/site\/2020\/04\/24\/ministro-do-stf-marco-aurelio-nao-descarta-crime-de-bolsonaro-e-fala-em-impeachment\/","title":{"rendered":"Ministro do STF Marco Aur\u00e9lio n\u00e3o descarta crime de Bolsonaro e fala em impeachment"},"content":{"rendered":"\n<figure class=\"wp-block-image size-large\"><img loading=\"lazy\" decoding=\"async\" width=\"695\" height=\"441\" src=\"https:\/\/pertinente.com.br\/site\/wp-content\/uploads\/2020\/04\/images-2020-04-24t2147081014875331930421125..jpg\" alt=\"\" class=\"wp-image-1101\" srcset=\"https:\/\/pertinente.com.br\/site\/wp-content\/uploads\/2020\/04\/images-2020-04-24t2147081014875331930421125..jpg 695w, https:\/\/pertinente.com.br\/site\/wp-content\/uploads\/2020\/04\/images-2020-04-24t2147081014875331930421125.-300x190.jpg 300w\" sizes=\"(max-width: 695px) 100vw, 695px\" \/><\/figure>\n\n\n\n<p>Correio Brasiliense &#8211; <strong>Marco Aur\u00e9lio Mello<\/strong>&nbsp;afirmou, nesta sexta-feira (24\/4), que o presidente&nbsp;<strong>Jair Bolsonaro<\/strong>&nbsp;pode ter cometido crime comum ao tentar acesso a<strong>&nbsp;relat\u00f3rios de intelig\u00eancia da Pol\u00edcia Federal<\/strong>&nbsp;e n\u00e3o descartou a possibilidade de a situa\u00e7\u00e3o levar a um processo de impeachment.<\/p>\n\n\n\n<p>Leia mais:<\/p>\n\n\n\n<p><a href=\"https:\/\/www.correiobraziliense.com.br\/app\/noticia\/politica\/2020\/04\/24\/interna_politica,847869\/marco-aurelio-nao-descarta-crime-de-bolsonaro-e-fala-em-impeachment.shtml\">https:\/\/www.correiobraziliense.com.br\/app\/noticia\/politica\/2020\/04\/24\/interna_politica,847869\/marco-aurelio-nao-descarta-crime-de-bolsonaro-e-fala-em-impeachment.shtml<\/a><\/p>\n","protected":false},"excerpt":{"rendered":"<p>Correio Brasiliense &#8211; Marco Aur\u00e9lio Mello&nbsp;afirmou, nesta sexta-feira (24\/4), que o presidente&nbsp;Jair Bolsonaro&nbsp;pode ter cometido crime comum ao tentar acesso a&nbsp;relat\u00f3rios de intelig\u00eancia da Pol\u00edcia Federal&nbsp;e n\u00e3o descartou a possibilidade de a situa\u00e7\u00e3o levar a um processo de impeachment. Leia mais: https:\/\/www.correiobraziliense.com.br\/app\/noticia\/politica\/2020\/04\/24\/interna_politica,847869\/marco-aurelio-nao-descarta-crime-de-bolsonaro-e-fala-em-impeachment.shtml<\/p>\n","protected":false},"author":1,"featured_media":1102,"comment_status":"open","ping_status":"open","sticky":false,"template":"","format":"standard","meta":{"footnotes":""},"categories":[4],"tags":[375,66],"_links":{"self":[{"href":"https:\/\/pertinente.com.br\/site\/wp-json\/wp\/v2\/posts\/1103"}],"collection":[{"href":"https:\/\/pertinente.com.br\/site\/wp-json\/wp\/v2\/posts"}],"about":[{"href":"https:\/\/pertinente.com.br\/site\/wp-json\/wp\/v2\/types\/post"}],"author":[{"embeddable":true,"href":"https:\/\/pertinente.com.br\/site\/wp-json\/wp\/v2\/users\/1"}],"replies":[{"embeddable":true,"href":"https:\/\/pertinente.com.br\/site\/wp-json\/wp\/v2\/comments?post=1103"}],"version-history":[{"count":0,"href":"https:\/\/pertinente.com.br\/site\/wp-json\/wp\/v2\/posts\/1103\/revisions"}],"wp:featuredmedia":[{"embeddable":true,"href":"https:\/\/pertinente.com.br\/site\/wp-json\/wp\/v2\/media\/1102"}],"wp:attachment":[{"href":"https:\/\/pertinente.com.br\/site\/wp-json\/wp\/v2\/media?parent=1103"}],"wp:term":[{"taxonomy":"category","embeddable":true,"href":"https:\/\/pertinente.com.br\/site\/wp-json\/wp\/v2\/categories?post=1103"},{"taxonomy":"post_tag","embeddable":true,"href":"https:\/\/pertinente.com.br\/site\/wp-json\/wp\/v2\/tags?post=1103"}],"curies":[{"name":"wp","href":"https:\/\/api.w.org\/{rel}","templated":true}]}}