{"id":1113,"date":"2020-04-25T14:39:13","date_gmt":"2020-04-25T17:39:13","guid":{"rendered":"https:\/\/pertinente.com.br\/site\/2020\/04\/25\/embraer-diz-que-boeing-rescindiu-indevidamente-contrato-de-parceria\/"},"modified":"2020-04-25T14:39:13","modified_gmt":"2020-04-25T17:39:13","slug":"embraer-diz-que-boeing-rescindiu-indevidamente-contrato-de-parceria","status":"publish","type":"post","link":"https:\/\/pertinente.com.br\/site\/2020\/04\/25\/embraer-diz-que-boeing-rescindiu-indevidamente-contrato-de-parceria\/","title":{"rendered":"Embraer diz que Boeing rescindiu indevidamente contrato de parceria"},"content":{"rendered":"\n<figure class=\"wp-block-image size-large\"><img loading=\"lazy\" decoding=\"async\" width=\"754\" height=\"503\" src=\"https:\/\/pertinente.com.br\/site\/wp-content\/uploads\/2020\/04\/embraer_1905589467120544863028.jpg\" alt=\"\" class=\"wp-image-1111\" srcset=\"https:\/\/pertinente.com.br\/site\/wp-content\/uploads\/2020\/04\/embraer_1905589467120544863028.jpg 754w, https:\/\/pertinente.com.br\/site\/wp-content\/uploads\/2020\/04\/embraer_1905589467120544863028-300x200.jpg 300w\" sizes=\"(max-width: 754px) 100vw, 754px\" \/><\/figure>\n\n\n\n<p>Ag\u00eancia Brasil &#8211; <\/p>\n\n\n\n<p>A Embraer disse hoje (25) que a Boeing rescindiu indevidamente o contrato de parceria anunciado em 2018. A empresa divulgou uma nota ap\u00f3s a Boeing ter informado que rescindiu o contrato que previa a forma\u00e7\u00e3o de uma joint venture com 80% de participa\u00e7\u00e3o da Boeing e 20% da Embraer. Na nota a Embraer acusa a Boeing de ter fabricado &#8220;falsas alega\u00e7\u00f5es&#8221; para evitar cumprir o fechamento da transa\u00e7\u00e3o e pagar \u00e0 Embraer o pre\u00e7o de compra de U$ 4,2 bilh\u00f5es.<\/p>\n\n\n\n<p>&#8220;A empresa acredita que a Boeing adotou um padr\u00e3o sistem\u00e1tico de atraso e viola\u00e7\u00f5es repetidas ao MTA [Acordo Global da Opera\u00e7\u00e3o, na sigla em ingl\u00eas], devido \u00e0 falta de vontade em concluir a transa\u00e7\u00e3o, sua condi\u00e7\u00e3o financeira, ao 737 MAX e outros problemas comerciais e de reputa\u00e7\u00e3o&#8221;, diz a nota.<\/p>\n\n\n\n<p>A Embraer informou ainda que n\u00e3o descumpriu as obriga\u00e7\u00f5es contratuais, motivo alegado pela Boeing para rescindir o contrato, e que buscar\u00e1 as medidas cab\u00edveis contra a fabricante americana, &#8220;pelos danos sofridos como resultado do cancelamento indevido e da viola\u00e7\u00e3o do MTA&#8221;.<\/p>\n\n\n\n<p>Ontem (24), era a data limite para realizar a rescis\u00e3o. Pelo acordo de parceria, a nova empresa seria composta pelo neg\u00f3cio de avia\u00e7\u00e3o comercial da Embraer e tamb\u00e9m para desenvolver novos mercados para o avi\u00e3o cargueiro KC-390, rebatizado de C-390 Millenium.<\/p>\n\n\n\n<p>\u201cH\u00e1 v\u00e1rios meses temos mantido negocia\u00e7\u00f5es produtivas a respeito de condi\u00e7\u00f5es do contrato que n\u00e3o foram atendidas, mas em \u00faltima inst\u00e2ncia, essas negocia\u00e7\u00f5es n\u00e3o foram bem-sucedidas. O objetivo de todos n\u00f3s era resolver as pend\u00eancias at\u00e9 a data de rescis\u00e3o inicial, o que n\u00e3o aconteceu\u201d, disse o presidente da Boeing para a parceria com a Embraer, Marc Allen em comunicado ao mercado.<\/p>\n\n\n\n<p>Leia mais:<\/p>\n\n\n\n<p><a href=\"https:\/\/agenciabrasil.ebc.com.br\/economia\/noticia\/2020-04\/embraer-diz-que-boeing-rescindiu-indevidamente-contrato-de-parceria\">https:\/\/agenciabrasil.ebc.com.br\/economia\/noticia\/2020-04\/embraer-diz-que-boeing-rescindiu-indevidamente-contrato-de-parceria<\/a><\/p>\n","protected":false},"excerpt":{"rendered":"<p>Ag\u00eancia Brasil &#8211; A Embraer disse hoje (25) que a Boeing rescindiu indevidamente o contrato de parceria anunciado em 2018. A empresa divulgou uma nota ap\u00f3s a Boeing ter informado que rescindiu o contrato que previa a forma\u00e7\u00e3o de uma joint venture&hellip;<\/p>\n","protected":false},"author":1,"featured_media":1112,"comment_status":"open","ping_status":"open","sticky":false,"template":"","format":"standard","meta":{"footnotes":""},"categories":[4],"tags":[96,378,377,379],"_links":{"self":[{"href":"https:\/\/pertinente.com.br\/site\/wp-json\/wp\/v2\/posts\/1113"}],"collection":[{"href":"https:\/\/pertinente.com.br\/site\/wp-json\/wp\/v2\/posts"}],"about":[{"href":"https:\/\/pertinente.com.br\/site\/wp-json\/wp\/v2\/types\/post"}],"author":[{"embeddable":true,"href":"https:\/\/pertinente.com.br\/site\/wp-json\/wp\/v2\/users\/1"}],"replies":[{"embeddable":true,"href":"https:\/\/pertinente.com.br\/site\/wp-json\/wp\/v2\/comments?post=1113"}],"version-history":[{"count":0,"href":"https:\/\/pertinente.com.br\/site\/wp-json\/wp\/v2\/posts\/1113\/revisions"}],"wp:featuredmedia":[{"embeddable":true,"href":"https:\/\/pertinente.com.br\/site\/wp-json\/wp\/v2\/media\/1112"}],"wp:attachment":[{"href":"https:\/\/pertinente.com.br\/site\/wp-json\/wp\/v2\/media?parent=1113"}],"wp:term":[{"taxonomy":"category","embeddable":true,"href":"https:\/\/pertinente.com.br\/site\/wp-json\/wp\/v2\/categories?post=1113"},{"taxonomy":"post_tag","embeddable":true,"href":"https:\/\/pertinente.com.br\/site\/wp-json\/wp\/v2\/tags?post=1113"}],"curies":[{"name":"wp","href":"https:\/\/api.w.org\/{rel}","templated":true}]}}