{"id":1116,"date":"2020-04-25T17:39:59","date_gmt":"2020-04-25T20:39:59","guid":{"rendered":"https:\/\/pertinente.com.br\/site\/2020\/04\/25\/pf-identifica-carlos-bolsonaro-como-articulador-em-esquema-criminoso-de-fake-news\/"},"modified":"2020-04-25T17:39:59","modified_gmt":"2020-04-25T20:39:59","slug":"pf-identifica-carlos-bolsonaro-como-articulador-em-esquema-criminoso-de-fake-news","status":"publish","type":"post","link":"https:\/\/pertinente.com.br\/site\/2020\/04\/25\/pf-identifica-carlos-bolsonaro-como-articulador-em-esquema-criminoso-de-fake-news\/","title":{"rendered":"PF identifica Carlos Bolsonaro como articulador em esquema criminoso de fake news"},"content":{"rendered":"\n<figure class=\"wp-block-image size-large\"><img loading=\"lazy\" decoding=\"async\" width=\"768\" height=\"512\" src=\"https:\/\/pertinente.com.br\/site\/wp-content\/uploads\/2020\/04\/15878420875ea48c274b28c_1587842087_3x2_md6344760950949205910.jpg\" alt=\"\" class=\"wp-image-1114\" srcset=\"https:\/\/pertinente.com.br\/site\/wp-content\/uploads\/2020\/04\/15878420875ea48c274b28c_1587842087_3x2_md6344760950949205910.jpg 768w, https:\/\/pertinente.com.br\/site\/wp-content\/uploads\/2020\/04\/15878420875ea48c274b28c_1587842087_3x2_md6344760950949205910-300x200.jpg 300w\" sizes=\"(max-width: 768px) 100vw, 768px\" \/><\/figure>\n\n\n\n<p>Folha &#8211; Em inqu\u00e9rito sigiloso conduzido pelo STF (Supremo Tribunal Federal), a PF identificou o vereador Carlos Bolsonaro,\u00a0<a href=\"https:\/\/www1.folha.uol.com.br\/especial\/2018\/governo-bolsonaro\/\">filho do presidente Jair Bolsonaro<\/a>, como um dos articuladores do esquema criminoso de fake news.<\/p>\n\n\n\n<p>Dentro da Pol\u00edcia Federal, n\u00e3o h\u00e1 d\u00favidas de que Bolsonaro pressionou Valeixo, homem de confian\u00e7a de Moro, porque tinha ci\u00eancia de que a corpora\u00e7\u00e3o havia chegado ao seu filho, chamado por ele de 02 e vereador do Rio de Janeiro pelo partido Republicanos.<\/p>\n\n\n\n<p>Para o presidente, tirar Valeixo da dire\u00e7\u00e3o da PF poderia abrir caminho para obter informa\u00e7\u00f5es da investiga\u00e7\u00e3o do Supremo ou inclusive trocar o grupo de delegados respons\u00e1veis pelo caso.<\/p>\n\n\n\n<p>Leia mais:<\/p>\n\n\n\n<p><a href=\"https:\/\/www1.folha.uol.com.br\/poder\/2020\/04\/pf-identifica-carlos-bolsonaro-como-articulador-em-esquema-criminoso-de-fake-news.shtml\">https:\/\/www1.folha.uol.com.br\/poder\/2020\/04\/pf-identifica-carlos-bolsonaro-como-articulador-em-esquema-criminoso-de-fake-news.shtml<\/a><\/p>\n","protected":false},"excerpt":{"rendered":"<p>Folha &#8211; Em inqu\u00e9rito sigiloso conduzido pelo STF (Supremo Tribunal Federal), a PF identificou o vereador Carlos Bolsonaro,\u00a0filho do presidente Jair Bolsonaro, como um dos articuladores do esquema criminoso de fake news. Dentro da Pol\u00edcia Federal, n\u00e3o h\u00e1 d\u00favidas de que Bolsonaro&hellip;<\/p>\n","protected":false},"author":1,"featured_media":1115,"comment_status":"open","ping_status":"open","sticky":false,"template":"","format":"standard","meta":{"footnotes":""},"categories":[4],"tags":[218,381,380,66],"_links":{"self":[{"href":"https:\/\/pertinente.com.br\/site\/wp-json\/wp\/v2\/posts\/1116"}],"collection":[{"href":"https:\/\/pertinente.com.br\/site\/wp-json\/wp\/v2\/posts"}],"about":[{"href":"https:\/\/pertinente.com.br\/site\/wp-json\/wp\/v2\/types\/post"}],"author":[{"embeddable":true,"href":"https:\/\/pertinente.com.br\/site\/wp-json\/wp\/v2\/users\/1"}],"replies":[{"embeddable":true,"href":"https:\/\/pertinente.com.br\/site\/wp-json\/wp\/v2\/comments?post=1116"}],"version-history":[{"count":0,"href":"https:\/\/pertinente.com.br\/site\/wp-json\/wp\/v2\/posts\/1116\/revisions"}],"wp:featuredmedia":[{"embeddable":true,"href":"https:\/\/pertinente.com.br\/site\/wp-json\/wp\/v2\/media\/1115"}],"wp:attachment":[{"href":"https:\/\/pertinente.com.br\/site\/wp-json\/wp\/v2\/media?parent=1116"}],"wp:term":[{"taxonomy":"category","embeddable":true,"href":"https:\/\/pertinente.com.br\/site\/wp-json\/wp\/v2\/categories?post=1116"},{"taxonomy":"post_tag","embeddable":true,"href":"https:\/\/pertinente.com.br\/site\/wp-json\/wp\/v2\/tags?post=1116"}],"curies":[{"name":"wp","href":"https:\/\/api.w.org\/{rel}","templated":true}]}}