{"id":1122,"date":"2020-04-27T13:49:53","date_gmt":"2020-04-27T16:49:53","guid":{"rendered":"http:\/\/pertinente.com.br\/site\/?p=1122"},"modified":"2020-04-27T13:53:41","modified_gmt":"2020-04-27T16:53:41","slug":"arrependida-e-isolada-regina-duarte-pode-deixar-governo-bolsonaro","status":"publish","type":"post","link":"https:\/\/pertinente.com.br\/site\/2020\/04\/27\/arrependida-e-isolada-regina-duarte-pode-deixar-governo-bolsonaro\/","title":{"rendered":"Arrependida e isolada, Regina Duarte pode deixar governo Bolsonaro"},"content":{"rendered":"\n<figure class=\"wp-block-image size-large\"><img loading=\"lazy\" decoding=\"async\" width=\"799\" height=\"533\" src=\"http:\/\/pertinente.com.br\/site\/wp-content\/uploads\/2020\/04\/BB13gYrp.jpg\" alt=\"\" class=\"wp-image-1123\" srcset=\"https:\/\/pertinente.com.br\/site\/wp-content\/uploads\/2020\/04\/BB13gYrp.jpg 799w, https:\/\/pertinente.com.br\/site\/wp-content\/uploads\/2020\/04\/BB13gYrp-300x200.jpg 300w, https:\/\/pertinente.com.br\/site\/wp-content\/uploads\/2020\/04\/BB13gYrp-768x512.jpg 768w\" sizes=\"(max-width: 799px) 100vw, 799px\" \/><figcaption>Reprodu\u00e7\u00e3o Instagram<\/figcaption><\/figure>\n\n\n\n<p>MSN &#8211; Isolada e alvo de ataques de seus subordinados, a atriz estaria arrependida de deixar a carreira na Globo para se juntar ao governo. \u201c\u00c9 tudo que preciso aprender\u2026 desapego. T\u00e1 em tempo ainda\u201d, escreveu a atriz em uma postagem no Instagram, publicada no s\u00e1bado, 25.<\/p>\n\n\n\n<p>Segundo o&nbsp;jornalista&nbsp;<a href=\"https:\/\/veja.abril.com.br\/blog\/radar\/regina-duarte-da-sinais-de-que-pode-deixar-o-governo-dizem-aliados\/\" rel=\"noreferrer noopener\" target=\"_blank\">Robson Bonin<\/a>, da coluna Radar, de Veja, \u201ca secret\u00e1ria foi isolada numa esp\u00e9cie de limbo administrativo desde que entrou no governo. N\u00e3o tem for\u00e7a para convencer ministros a destravar sua agenda cultural e tamb\u00e9m n\u00e3o conta com apoio do Planalto para sequer escolher a pr\u00f3pria equipe\u201d.<\/p>\n\n\n\n<p>Nos bastidores, aliados dizem que Regina Duarte n\u00e3o tem for\u00e7a de convencimento com os ministros e n\u00e3o recebe apoio do Planalto para ter autonomia na pasta. Por isso, alguns acreditam que a secret\u00e1ria pode ser a pr\u00f3xima a deixar o governo.<\/p>\n\n\n\n<p>Leia mais:<\/p>\n\n\n\n<p><a href=\"https:\/\/www.msn.com\/pt-br\/noticias\/brasil\/isolada-regina-duarte-pode-deixar-governo-bolsonaro\/ar-BB13h5mO?li=BBwanrb\">https:\/\/www.msn.com\/pt-br\/noticias\/brasil\/isolada-regina-duarte-pode-deixar-governo-bolsonaro\/ar-BB13h5mO?li=BBwanrb<\/a><\/p>\n","protected":false},"excerpt":{"rendered":"<p>MSN &#8211; Isolada e alvo de ataques de seus subordinados, a atriz estaria arrependida de deixar a carreira na Globo para se juntar ao governo. \u201c\u00c9 tudo que preciso aprender\u2026 desapego. T\u00e1 em tempo ainda\u201d, escreveu a atriz em uma postagem no&hellip;<\/p>\n","protected":false},"author":1,"featured_media":1123,"comment_status":"open","ping_status":"open","sticky":false,"template":"","format":"standard","meta":{"footnotes":""},"categories":[4],"tags":[384,385,382],"_links":{"self":[{"href":"https:\/\/pertinente.com.br\/site\/wp-json\/wp\/v2\/posts\/1122"}],"collection":[{"href":"https:\/\/pertinente.com.br\/site\/wp-json\/wp\/v2\/posts"}],"about":[{"href":"https:\/\/pertinente.com.br\/site\/wp-json\/wp\/v2\/types\/post"}],"author":[{"embeddable":true,"href":"https:\/\/pertinente.com.br\/site\/wp-json\/wp\/v2\/users\/1"}],"replies":[{"embeddable":true,"href":"https:\/\/pertinente.com.br\/site\/wp-json\/wp\/v2\/comments?post=1122"}],"version-history":[{"count":3,"href":"https:\/\/pertinente.com.br\/site\/wp-json\/wp\/v2\/posts\/1122\/revisions"}],"predecessor-version":[{"id":1126,"href":"https:\/\/pertinente.com.br\/site\/wp-json\/wp\/v2\/posts\/1122\/revisions\/1126"}],"wp:featuredmedia":[{"embeddable":true,"href":"https:\/\/pertinente.com.br\/site\/wp-json\/wp\/v2\/media\/1123"}],"wp:attachment":[{"href":"https:\/\/pertinente.com.br\/site\/wp-json\/wp\/v2\/media?parent=1122"}],"wp:term":[{"taxonomy":"category","embeddable":true,"href":"https:\/\/pertinente.com.br\/site\/wp-json\/wp\/v2\/categories?post=1122"},{"taxonomy":"post_tag","embeddable":true,"href":"https:\/\/pertinente.com.br\/site\/wp-json\/wp\/v2\/tags?post=1122"}],"curies":[{"name":"wp","href":"https:\/\/api.w.org\/{rel}","templated":true}]}}