{"id":1129,"date":"2020-04-28T12:19:49","date_gmt":"2020-04-28T15:19:49","guid":{"rendered":"http:\/\/pertinente.com.br\/site\/2020\/04\/28\/acusacoes-de-sergio-moro-contra-bolsonaro-serao-investigadas-autoriza-stf\/"},"modified":"2020-04-28T12:19:49","modified_gmt":"2020-04-28T15:19:49","slug":"acusacoes-de-sergio-moro-contra-bolsonaro-serao-investigadas-autoriza-stf","status":"publish","type":"post","link":"https:\/\/pertinente.com.br\/site\/2020\/04\/28\/acusacoes-de-sergio-moro-contra-bolsonaro-serao-investigadas-autoriza-stf\/","title":{"rendered":"Acusa\u00e7\u00f5es de Sergio Moro contra Bolsonaro ser\u00e3o investigadas, autoriza STF"},"content":{"rendered":"\n<figure class=\"wp-block-image size-large\"><img loading=\"lazy\" decoding=\"async\" width=\"678\" height=\"452\" src=\"http:\/\/pertinente.com.br\/site\/wp-content\/uploads\/2020\/04\/images-2020-04-28t1219111955690351525553019..jpg\" alt=\"\" class=\"wp-image-1127\" srcset=\"https:\/\/pertinente.com.br\/site\/wp-content\/uploads\/2020\/04\/images-2020-04-28t1219111955690351525553019..jpg 678w, https:\/\/pertinente.com.br\/site\/wp-content\/uploads\/2020\/04\/images-2020-04-28t1219111955690351525553019.-300x200.jpg 300w\" sizes=\"(max-width: 678px) 100vw, 678px\" \/><\/figure>\n\n\n\n<p>El Pa\u00eds &#8211; Celso de Mello, decano da Corte, atendeu a pedido de procurador-geral, Augusto Aras, que tamb\u00e9m deixou a porta aberta para acusar ex-ministro. Ex-juiz da Lava Jato ter\u00e1 de depor.<\/p>\n\n\n\n<p>Leia mais:<\/p>\n\n\n\n<p><a href=\"https:\/\/brasil.elpais.com\/politica\/2020-04-28\/stf-abre-inquerito-para-investigar-acusacoes-de-moro-contra-bolsonaro.html\">https:\/\/brasil.elpais.com\/politica\/2020-04-28\/stf-abre-inquerito-para-investigar-acusacoes-de-moro-contra-bolsonaro.html<\/a><\/p>\n","protected":false},"excerpt":{"rendered":"<p>El Pa\u00eds &#8211; Celso de Mello, decano da Corte, atendeu a pedido de procurador-geral, Augusto Aras, que tamb\u00e9m deixou a porta aberta para acusar ex-ministro. Ex-juiz da Lava Jato ter\u00e1 de depor. Leia mais: https:\/\/brasil.elpais.com\/politica\/2020-04-28\/stf-abre-inquerito-para-investigar-acusacoes-de-moro-contra-bolsonaro.html<\/p>\n","protected":false},"author":1,"featured_media":1128,"comment_status":"open","ping_status":"open","sticky":false,"template":"","format":"standard","meta":{"footnotes":""},"categories":[4],"tags":[179,21,66],"_links":{"self":[{"href":"https:\/\/pertinente.com.br\/site\/wp-json\/wp\/v2\/posts\/1129"}],"collection":[{"href":"https:\/\/pertinente.com.br\/site\/wp-json\/wp\/v2\/posts"}],"about":[{"href":"https:\/\/pertinente.com.br\/site\/wp-json\/wp\/v2\/types\/post"}],"author":[{"embeddable":true,"href":"https:\/\/pertinente.com.br\/site\/wp-json\/wp\/v2\/users\/1"}],"replies":[{"embeddable":true,"href":"https:\/\/pertinente.com.br\/site\/wp-json\/wp\/v2\/comments?post=1129"}],"version-history":[{"count":0,"href":"https:\/\/pertinente.com.br\/site\/wp-json\/wp\/v2\/posts\/1129\/revisions"}],"wp:featuredmedia":[{"embeddable":true,"href":"https:\/\/pertinente.com.br\/site\/wp-json\/wp\/v2\/media\/1128"}],"wp:attachment":[{"href":"https:\/\/pertinente.com.br\/site\/wp-json\/wp\/v2\/media?parent=1129"}],"wp:term":[{"taxonomy":"category","embeddable":true,"href":"https:\/\/pertinente.com.br\/site\/wp-json\/wp\/v2\/categories?post=1129"},{"taxonomy":"post_tag","embeddable":true,"href":"https:\/\/pertinente.com.br\/site\/wp-json\/wp\/v2\/tags?post=1129"}],"curies":[{"name":"wp","href":"https:\/\/api.w.org\/{rel}","templated":true}]}}