{"id":1130,"date":"2020-04-28T18:09:09","date_gmt":"2020-04-28T21:09:09","guid":{"rendered":"http:\/\/pertinente.com.br\/site\/?p=1130"},"modified":"2020-04-28T18:09:12","modified_gmt":"2020-04-28T21:09:12","slug":"em-blumenau-numero-de-casos-de-covid-19-dispara-apos-reabertura-do-comercio","status":"publish","type":"post","link":"https:\/\/pertinente.com.br\/site\/2020\/04\/28\/em-blumenau-numero-de-casos-de-covid-19-dispara-apos-reabertura-do-comercio\/","title":{"rendered":"Em Blumenau, n\u00famero de casos de covid-19 dispara ap\u00f3s reabertura do com\u00e9rcio"},"content":{"rendered":"\n<div class=\"wp-block-image\"><figure class=\"aligncenter size-large is-resized\"><img loading=\"lazy\" decoding=\"async\" src=\"http:\/\/pertinente.com.br\/site\/wp-content\/uploads\/2020\/04\/blumenau-1-418x235-1.jpg\" alt=\"\" class=\"wp-image-1131\" width=\"558\" height=\"314\" srcset=\"https:\/\/pertinente.com.br\/site\/wp-content\/uploads\/2020\/04\/blumenau-1-418x235-1.jpg 418w, https:\/\/pertinente.com.br\/site\/wp-content\/uploads\/2020\/04\/blumenau-1-418x235-1-300x169.jpg 300w\" sizes=\"(max-width: 558px) 100vw, 558px\" \/><\/figure><\/div>\n\n\n\n<p>Em 24 horas, a cidade de Blumenau, no Vale do Itaja\u00ed, em Santa Catarina, teve um aumento de quase 30% nos casos confirmados de coronav\u00edrus.<\/p>\n\n\n\n<p>Segundo a prefeitura, o n\u00famero de infectados no domingo (26) somava 167 casos. No s\u00e1bado, o total era de 130 registros. Em apenas um dia, houve um aumento de 28,5% no n\u00famero de casos de\u00a0<a href=\"https:\/\/istoe.com.br\/tag\/coronavirus\"><strong>Covid-19<\/strong><\/a> naquela cidade.<\/p>\n\n\n\n<p>Na semana passada, um decreto do governo de Santa Catarina autorizou a reabertura de shoppings e restaurantes.<a href=\"https:\/\/istoe.com.br\/shopping-de-blumenau-tem-aglomeracao-na-reabertura-apos-quarentena\/\">&nbsp;Blumenau foi destaque na m\u00eddia<\/a>&nbsp;ap\u00f3s imagens de uma multid\u00e3o na reabertura de um shopping.<\/p>\n\n\n\n<p>Por meio de nota, a prefeitura da cidade destacou \u201ca import\u00e2ncia de manter o isolamento social, nos casos em que as pessoas podem se manter em casa\u201d. E refor\u00e7ou a recomenda\u00e7\u00e3o do \u201cuso de m\u00e1scara sempre que sair de casa e a higieniza\u00e7\u00e3o frequente das m\u00e3os\u201d.<\/p>\n\n\n\n<p>Na segunda-feira (27), Santa Catarina informou que j\u00e1 h\u00e1 1.476 casos confirmados de Covid-19 e 44 mortes pela doen\u00e7a. Blumenau \u00e9 a segunda cidade com mais casos registrados no Estado, atr\u00e1s apenas de Florian\u00f3polis, com 263 confirma\u00e7\u00f5es.<\/p>\n\n\n\n<p>Leia mais:<\/p>\n\n\n\n<p><a href=\"https:\/\/istoe.com.br\/sc-apos-reabertura-do-comercio-casos-de-covid-19-dispara-em-blumenau\/\">https:\/\/istoe.com.br\/sc-apos-reabertura-do-comercio-casos-de-covid-19-dispara-em-blumenau\/<\/a><\/p>\n","protected":false},"excerpt":{"rendered":"<p>Em 24 horas, a cidade de Blumenau, no Vale do Itaja\u00ed, em Santa Catarina, teve um aumento de quase 30% nos casos confirmados de coronav\u00edrus. Segundo a prefeitura, o n\u00famero de infectados no domingo (26) somava 167 casos. No s\u00e1bado, o total&hellip;<\/p>\n","protected":false},"author":1,"featured_media":1131,"comment_status":"open","ping_status":"open","sticky":false,"template":"","format":"standard","meta":{"footnotes":""},"categories":[4],"tags":[386,365,388,387],"_links":{"self":[{"href":"https:\/\/pertinente.com.br\/site\/wp-json\/wp\/v2\/posts\/1130"}],"collection":[{"href":"https:\/\/pertinente.com.br\/site\/wp-json\/wp\/v2\/posts"}],"about":[{"href":"https:\/\/pertinente.com.br\/site\/wp-json\/wp\/v2\/types\/post"}],"author":[{"embeddable":true,"href":"https:\/\/pertinente.com.br\/site\/wp-json\/wp\/v2\/users\/1"}],"replies":[{"embeddable":true,"href":"https:\/\/pertinente.com.br\/site\/wp-json\/wp\/v2\/comments?post=1130"}],"version-history":[{"count":1,"href":"https:\/\/pertinente.com.br\/site\/wp-json\/wp\/v2\/posts\/1130\/revisions"}],"predecessor-version":[{"id":1132,"href":"https:\/\/pertinente.com.br\/site\/wp-json\/wp\/v2\/posts\/1130\/revisions\/1132"}],"wp:featuredmedia":[{"embeddable":true,"href":"https:\/\/pertinente.com.br\/site\/wp-json\/wp\/v2\/media\/1131"}],"wp:attachment":[{"href":"https:\/\/pertinente.com.br\/site\/wp-json\/wp\/v2\/media?parent=1130"}],"wp:term":[{"taxonomy":"category","embeddable":true,"href":"https:\/\/pertinente.com.br\/site\/wp-json\/wp\/v2\/categories?post=1130"},{"taxonomy":"post_tag","embeddable":true,"href":"https:\/\/pertinente.com.br\/site\/wp-json\/wp\/v2\/tags?post=1130"}],"curies":[{"name":"wp","href":"https:\/\/api.w.org\/{rel}","templated":true}]}}