{"id":1139,"date":"2020-04-29T08:48:00","date_gmt":"2020-04-29T11:48:00","guid":{"rendered":"https:\/\/pertinente.com.br\/site\/2020\/04\/29\/stf-autoriza-investigacao-contra-o-ministro-weintraub-acusado-de-crime-de-racismo\/"},"modified":"2020-04-29T08:48:00","modified_gmt":"2020-04-29T11:48:00","slug":"stf-autoriza-investigacao-contra-o-ministro-weintraub-acusado-de-crime-de-racismo","status":"publish","type":"post","link":"https:\/\/pertinente.com.br\/site\/2020\/04\/29\/stf-autoriza-investigacao-contra-o-ministro-weintraub-acusado-de-crime-de-racismo\/","title":{"rendered":"STF autoriza investiga\u00e7\u00e3o contra o ministro Weintraub acusado de crime de racismo"},"content":{"rendered":"\n<figure class=\"wp-block-image size-large\"><img loading=\"lazy\" decoding=\"async\" width=\"768\" height=\"512\" src=\"https:\/\/pertinente.com.br\/site\/wp-content\/uploads\/2020\/04\/15863175615e8d48f940c24_1586317561_3x2_md6127600163980298175.jpg\" alt=\"\" class=\"wp-image-1137\" srcset=\"https:\/\/pertinente.com.br\/site\/wp-content\/uploads\/2020\/04\/15863175615e8d48f940c24_1586317561_3x2_md6127600163980298175.jpg 768w, https:\/\/pertinente.com.br\/site\/wp-content\/uploads\/2020\/04\/15863175615e8d48f940c24_1586317561_3x2_md6127600163980298175-300x200.jpg 300w\" sizes=\"(max-width: 768px) 100vw, 768px\" \/><\/figure>\n\n\n\n<p>Folha &#8211; O ministro Celso de Mello, do STF (Supremo Tribunal Federal) determinou a abertura de inqu\u00e9rito para investigar o ministro da Educa\u00e7\u00e3o, Abraham Weintraub,\u00a0<a href=\"https:\/\/www1.folha.uol.com.br\/mundo\/2020\/04\/pgr-pede-que-stf-abra-inquerito-para-apurar-racismo-de-weintraub-em-mensagem-sobre-china.shtml\">pelo crime de racismo<\/a>.<\/p>\n\n\n\n<p>Em abril,\u00a0<a href=\"https:\/\/www1.folha.uol.com.br\/educacao\/2020\/04\/isolado-weintraub-completa-1-ano-no-mec-e-acumula-polemicas-e-projetos-no-papel.shtml\">Weintraub\u00a0<\/a>usou o personagem Cebolinha, da Turma da M\u00f4nica, que troca a letra &#8220;r&#8221; pela &#8220;l&#8221;, para fazer refer\u00eancia ao sotaque chin\u00eas e insinuar que o novo coronav\u00edrus atenderia a interesses do pa\u00eds que teve o primeiro foco da pandemia.<\/p>\n\n\n\n<p>Leia mais:<\/p>\n\n\n\n<p><a href=\"https:\/\/www1.folha.uol.com.br\/colunas\/monicabergamo\/2020\/04\/stf-abre-inquerito-contra-weintraub-por-crime-de-racismo.shtml\">https:\/\/www1.folha.uol.com.br\/colunas\/monicabergamo\/2020\/04\/stf-abre-inquerito-contra-weintraub-por-crime-de-racismo.shtml<\/a><\/p>\n","protected":false},"excerpt":{"rendered":"<p>Folha &#8211; O ministro Celso de Mello, do STF (Supremo Tribunal Federal) determinou a abertura de inqu\u00e9rito para investigar o ministro da Educa\u00e7\u00e3o, Abraham Weintraub,\u00a0pelo crime de racismo. Em abril,\u00a0Weintraub\u00a0usou o personagem Cebolinha, da Turma da M\u00f4nica, que troca a letra &#8220;r&#8221;&hellip;<\/p>\n","protected":false},"author":1,"featured_media":1138,"comment_status":"open","ping_status":"open","sticky":false,"template":"","format":"standard","meta":{"footnotes":""},"categories":[4],"tags":[390,369,146,391],"_links":{"self":[{"href":"https:\/\/pertinente.com.br\/site\/wp-json\/wp\/v2\/posts\/1139"}],"collection":[{"href":"https:\/\/pertinente.com.br\/site\/wp-json\/wp\/v2\/posts"}],"about":[{"href":"https:\/\/pertinente.com.br\/site\/wp-json\/wp\/v2\/types\/post"}],"author":[{"embeddable":true,"href":"https:\/\/pertinente.com.br\/site\/wp-json\/wp\/v2\/users\/1"}],"replies":[{"embeddable":true,"href":"https:\/\/pertinente.com.br\/site\/wp-json\/wp\/v2\/comments?post=1139"}],"version-history":[{"count":0,"href":"https:\/\/pertinente.com.br\/site\/wp-json\/wp\/v2\/posts\/1139\/revisions"}],"wp:featuredmedia":[{"embeddable":true,"href":"https:\/\/pertinente.com.br\/site\/wp-json\/wp\/v2\/media\/1138"}],"wp:attachment":[{"href":"https:\/\/pertinente.com.br\/site\/wp-json\/wp\/v2\/media?parent=1139"}],"wp:term":[{"taxonomy":"category","embeddable":true,"href":"https:\/\/pertinente.com.br\/site\/wp-json\/wp\/v2\/categories?post=1139"},{"taxonomy":"post_tag","embeddable":true,"href":"https:\/\/pertinente.com.br\/site\/wp-json\/wp\/v2\/tags?post=1139"}],"curies":[{"name":"wp","href":"https:\/\/api.w.org\/{rel}","templated":true}]}}