{"id":1142,"date":"2020-04-29T10:45:11","date_gmt":"2020-04-29T13:45:11","guid":{"rendered":"https:\/\/pertinente.com.br\/site\/2020\/04\/29\/ministro-do-stf-suspende-nomeacao-de-alexandre-ramagem-para-a-pf\/"},"modified":"2020-04-29T10:45:11","modified_gmt":"2020-04-29T13:45:11","slug":"ministro-do-stf-suspende-nomeacao-de-alexandre-ramagem-para-a-pf","status":"publish","type":"post","link":"https:\/\/pertinente.com.br\/site\/2020\/04\/29\/ministro-do-stf-suspende-nomeacao-de-alexandre-ramagem-para-a-pf\/","title":{"rendered":"Ministro do STF suspende nomea\u00e7\u00e3o de Alexandre Ramagem para a PF"},"content":{"rendered":"\n<figure class=\"wp-block-image size-large\"><img loading=\"lazy\" decoding=\"async\" width=\"630\" height=\"394\" src=\"https:\/\/pertinente.com.br\/site\/wp-content\/uploads\/2020\/04\/5ea97eb2240000eb008e9f085990775223605864028.png\" alt=\"\" class=\"wp-image-1140\" srcset=\"https:\/\/pertinente.com.br\/site\/wp-content\/uploads\/2020\/04\/5ea97eb2240000eb008e9f085990775223605864028.png 630w, https:\/\/pertinente.com.br\/site\/wp-content\/uploads\/2020\/04\/5ea97eb2240000eb008e9f085990775223605864028-300x188.png 300w\" sizes=\"(max-width: 630px) 100vw, 630px\" \/><\/figure>\n\n\n\n<p>Huffpost &#8211; O ministro do STF (Supremo Tribunal Federal) Alexandre de Moraes suspendeu a nomea\u00e7\u00e3o de Alexandre Ramagem para a diretoria-geral da Pol\u00edcia Federal. A posse dele estava marcada para esta quarta-feira (29).<\/p>\n\n\n\n<p>Ramagem havia sido confirmado no cargo em publica\u00e7\u00e3o no DOU (Di\u00e1rio Oficial da Uni\u00e3o) na ter\u00e7a (27) ap\u00f3s muita pol\u00eamica. Ele iria substituir Maur\u00edcio Valeixo, que foi demitido pelo presidente Jair Bolsonaro na \u00faltima quinta (23), o que desencadeou a maior crise do governo at\u00e9 o momento, nesses quase 16 meses de governo.<\/p>\n\n\n\n<p>Na decis\u00e3o, Moraes acatou um pedido do PDT e afirmou que a PF n\u00e3o \u00e9 \u201d\u00f3rg\u00e3o de intelig\u00eancia da Presid\u00eancia da Rep\u00fablica\u201d. Isso porque, ao anunciar seu desembarque do governo, Sergio Moro denunciou que Jair Bolsonaro desejava interferir politicamente na pol\u00edcia e queria obter relat\u00f3rios de intelig\u00eancia. Destacou ainda que o mandat\u00e1rio havia lhe informado preocupa\u00e7\u00e3o com investiga\u00e7\u00f5es em curso no STF.<\/p>\n\n\n\n<p>Leia ma\u00eds:<\/p>\n\n\n\n<p><a href=\"https:\/\/www.huffpostbrasil.com\/entry\/stf-suspende-ramagem-pf_br_5ea97d61c5b6106b8ed05f3e\">https:\/\/www.huffpostbrasil.com\/entry\/stf-suspende-ramagem-pf_br_5ea97d61c5b6106b8ed05f3e<\/a><\/p>\n","protected":false},"excerpt":{"rendered":"<p>Huffpost &#8211; O ministro do STF (Supremo Tribunal Federal) Alexandre de Moraes suspendeu a nomea\u00e7\u00e3o de Alexandre Ramagem para a diretoria-geral da Pol\u00edcia Federal. A posse dele estava marcada para esta quarta-feira (29). Ramagem havia sido confirmado no cargo em publica\u00e7\u00e3o no&hellip;<\/p>\n","protected":false},"author":1,"featured_media":1141,"comment_status":"open","ping_status":"open","sticky":false,"template":"","format":"standard","meta":{"footnotes":""},"categories":[4],"tags":[392,393,66],"_links":{"self":[{"href":"https:\/\/pertinente.com.br\/site\/wp-json\/wp\/v2\/posts\/1142"}],"collection":[{"href":"https:\/\/pertinente.com.br\/site\/wp-json\/wp\/v2\/posts"}],"about":[{"href":"https:\/\/pertinente.com.br\/site\/wp-json\/wp\/v2\/types\/post"}],"author":[{"embeddable":true,"href":"https:\/\/pertinente.com.br\/site\/wp-json\/wp\/v2\/users\/1"}],"replies":[{"embeddable":true,"href":"https:\/\/pertinente.com.br\/site\/wp-json\/wp\/v2\/comments?post=1142"}],"version-history":[{"count":0,"href":"https:\/\/pertinente.com.br\/site\/wp-json\/wp\/v2\/posts\/1142\/revisions"}],"wp:featuredmedia":[{"embeddable":true,"href":"https:\/\/pertinente.com.br\/site\/wp-json\/wp\/v2\/media\/1141"}],"wp:attachment":[{"href":"https:\/\/pertinente.com.br\/site\/wp-json\/wp\/v2\/media?parent=1142"}],"wp:term":[{"taxonomy":"category","embeddable":true,"href":"https:\/\/pertinente.com.br\/site\/wp-json\/wp\/v2\/categories?post=1142"},{"taxonomy":"post_tag","embeddable":true,"href":"https:\/\/pertinente.com.br\/site\/wp-json\/wp\/v2\/tags?post=1142"}],"curies":[{"name":"wp","href":"https:\/\/api.w.org\/{rel}","templated":true}]}}