{"id":1145,"date":"2020-04-30T08:19:46","date_gmt":"2020-04-30T11:19:46","guid":{"rendered":"https:\/\/pertinente.com.br\/site\/2020\/04\/30\/stf-confronta-bolsonaro-e-assume-protagonismo-na-crise-politica\/"},"modified":"2020-04-30T08:55:11","modified_gmt":"2020-04-30T11:55:11","slug":"stf-confronta-bolsonaro-e-assume-protagonismo-na-crise-politica","status":"publish","type":"post","link":"https:\/\/pertinente.com.br\/site\/2020\/04\/30\/stf-confronta-bolsonaro-e-assume-protagonismo-na-crise-politica\/","title":{"rendered":"STF confronta Bolsonaro e assume protagonismo na crise pol\u00edtica"},"content":{"rendered":"\n<p>El Pa\u00eds &#8211; Congresso espera o avan\u00e7o de apura\u00e7\u00f5es que envolvem o presidente e seu entorno para dar andamento a impeachment ou CPIs. Nos bastidores, c\u00fapulas dos dois poderes avaliam conjuntamente cen\u00e1rios<\/p>\n\n\n\n<figure class=\"wp-block-image size-large\"><img loading=\"lazy\" decoding=\"async\" width=\"768\" height=\"512\" src=\"https:\/\/pertinente.com.br\/site\/wp-content\/uploads\/2020\/04\/7dljnolsnzfk3fh3f2cweycojq5550555189352076731.jpg\" alt=\"\" class=\"wp-image-1143\" srcset=\"https:\/\/pertinente.com.br\/site\/wp-content\/uploads\/2020\/04\/7dljnolsnzfk3fh3f2cweycojq5550555189352076731.jpg 768w, https:\/\/pertinente.com.br\/site\/wp-content\/uploads\/2020\/04\/7dljnolsnzfk3fh3f2cweycojq5550555189352076731-300x200.jpg 300w\" sizes=\"(max-width: 768px) 100vw, 768px\" \/><\/figure>\n\n\n\n<p>O&nbsp;<a href=\"https:\/\/brasil.elpais.com\/politica\/2020-04-28\/stf-abre-inquerito-para-investigar-acusacoes-de-moro-contra-bolsonaro.html\">Supremo Tribunal Federal entrou<\/a>&nbsp;mais uma vez de cabe\u00e7a em uma crise pol\u00edtica que envolve o Pal\u00e1cio do Planalto. Enquanto, de momento, Rodrigo Maia, presidente da C\u00e2mara, n\u00e3o d\u00e1 sinais de que se mover\u00e1 para dar andamento aos quase&nbsp;<a href=\"https:\/\/brasil.elpais.com\/opiniao\/2020-03-20\/a-unica-saida-e-o-impeachment.html\">30 pedidos de impeachment<\/a>&nbsp;contra o presidente&nbsp;<a href=\"https:\/\/brasil.elpais.com\/noticias\/jair-messias-bolsonaro\/\">Jair Bolsonaro<\/a>&nbsp;e tampouco ele ou o comando do Senado se mostram dispostos a instaurar comiss\u00f5es parlamentares de inqu\u00e9rito (CPIs) contra o Governo, coube ao Judici\u00e1rio confrontar mais uma vez o mandat\u00e1rio, que tem participado de atos contra a democracia e desrespeitado orienta\u00e7\u00f5es de autoridades sanit\u00e1rias enquanto o pa\u00eds assiste \u00e0 escalada da&nbsp;<a href=\"https:\/\/brasil.elpais.com\/brasil\/2020-04-29\/ao-vivo-ultimas-noticias-sobre-o-coronavirus-e-a-crise-politica-no-brasil.html\">pandemia do coronav\u00edrus<\/a>. <\/p>\n\n\n\n<p>O ministro do Supremo, Alexandre de Moraes, decidiu conceder um mandado de seguran\u00e7a<a href=\"https:\/\/brasil.elpais.com\/brasil\/2019\/09\/27\/politica\/1569619629_531143.html\">&nbsp;impedindo o presidente de nomear o delegado Alexandre Ramagem<\/a>, amigo dos Bolsonato,<\/p>\n\n\n\n<p>Leia mais:<\/p>\n\n\n\n<p><a href=\"https:\/\/brasil.elpais.com\/brasil\/2020-04-30\/stf-confronta-bolsonaro-e-assume-protagonismo-na-crise-politica.html\">https:\/\/brasil.elpais.com\/brasil\/2020-04-30\/stf-confronta-bolsonaro-e-assume-protagonismo-na-crise-politica.html<\/a><\/p>\n","protected":false},"excerpt":{"rendered":"<p>El Pa\u00eds &#8211; Congresso espera o avan\u00e7o de apura\u00e7\u00f5es que envolvem o presidente e seu entorno para dar andamento a impeachment ou CPIs. Nos bastidores, c\u00fapulas dos dois poderes avaliam conjuntamente cen\u00e1rios O&nbsp;Supremo Tribunal Federal entrou&nbsp;mais uma vez de cabe\u00e7a em uma&hellip;<\/p>\n","protected":false},"author":1,"featured_media":1144,"comment_status":"open","ping_status":"open","sticky":false,"template":"","format":"standard","meta":{"footnotes":""},"categories":[4],"tags":[66],"_links":{"self":[{"href":"https:\/\/pertinente.com.br\/site\/wp-json\/wp\/v2\/posts\/1145"}],"collection":[{"href":"https:\/\/pertinente.com.br\/site\/wp-json\/wp\/v2\/posts"}],"about":[{"href":"https:\/\/pertinente.com.br\/site\/wp-json\/wp\/v2\/types\/post"}],"author":[{"embeddable":true,"href":"https:\/\/pertinente.com.br\/site\/wp-json\/wp\/v2\/users\/1"}],"replies":[{"embeddable":true,"href":"https:\/\/pertinente.com.br\/site\/wp-json\/wp\/v2\/comments?post=1145"}],"version-history":[{"count":2,"href":"https:\/\/pertinente.com.br\/site\/wp-json\/wp\/v2\/posts\/1145\/revisions"}],"predecessor-version":[{"id":1147,"href":"https:\/\/pertinente.com.br\/site\/wp-json\/wp\/v2\/posts\/1145\/revisions\/1147"}],"wp:featuredmedia":[{"embeddable":true,"href":"https:\/\/pertinente.com.br\/site\/wp-json\/wp\/v2\/media\/1144"}],"wp:attachment":[{"href":"https:\/\/pertinente.com.br\/site\/wp-json\/wp\/v2\/media?parent=1145"}],"wp:term":[{"taxonomy":"category","embeddable":true,"href":"https:\/\/pertinente.com.br\/site\/wp-json\/wp\/v2\/categories?post=1145"},{"taxonomy":"post_tag","embeddable":true,"href":"https:\/\/pertinente.com.br\/site\/wp-json\/wp\/v2\/tags?post=1145"}],"curies":[{"name":"wp","href":"https:\/\/api.w.org\/{rel}","templated":true}]}}