{"id":1150,"date":"2020-04-30T19:19:24","date_gmt":"2020-04-30T22:19:24","guid":{"rendered":"https:\/\/pertinente.com.br\/site\/2020\/04\/30\/pgr-denuncia-aecio-neves-por-propina-de-r-65-milhoes-em-obras-de-hidreletricas\/"},"modified":"2020-04-30T19:19:24","modified_gmt":"2020-04-30T22:19:24","slug":"pgr-denuncia-aecio-neves-por-propina-de-r-65-milhoes-em-obras-de-hidreletricas","status":"publish","type":"post","link":"https:\/\/pertinente.com.br\/site\/2020\/04\/30\/pgr-denuncia-aecio-neves-por-propina-de-r-65-milhoes-em-obras-de-hidreletricas\/","title":{"rendered":"PGR denuncia A\u00e9cio Neves por propina de R$ 65 milh\u00f5es em obras de hidrel\u00e9tricas"},"content":{"rendered":"\n<figure class=\"wp-block-image size-large\"><img loading=\"lazy\" decoding=\"async\" width=\"1024\" height=\"615\" src=\"https:\/\/pertinente.com.br\/site\/wp-content\/uploads\/2020\/04\/x83164828_bsbbrasiliabrasil13-06-2019o-relator-da-reforma-da-previdencia-deputado-samuel2855383606769265906-1024x615.jpg\" alt=\"\" class=\"wp-image-1148\" srcset=\"https:\/\/pertinente.com.br\/site\/wp-content\/uploads\/2020\/04\/x83164828_bsbbrasiliabrasil13-06-2019o-relator-da-reforma-da-previdencia-deputado-samuel2855383606769265906-1024x615.jpg 1024w, https:\/\/pertinente.com.br\/site\/wp-content\/uploads\/2020\/04\/x83164828_bsbbrasiliabrasil13-06-2019o-relator-da-reforma-da-previdencia-deputado-samuel2855383606769265906-300x180.jpg 300w, https:\/\/pertinente.com.br\/site\/wp-content\/uploads\/2020\/04\/x83164828_bsbbrasiliabrasil13-06-2019o-relator-da-reforma-da-previdencia-deputado-samuel2855383606769265906-768x461.jpg 768w, https:\/\/pertinente.com.br\/site\/wp-content\/uploads\/2020\/04\/x83164828_bsbbrasiliabrasil13-06-2019o-relator-da-reforma-da-previdencia-deputado-samuel2855383606769265906.jpg 1086w\" sizes=\"(max-width: 1024px) 100vw, 1024px\" \/><\/figure>\n\n\n\n<p>O Globo &#8211; \u00a0A Procuradoria-Geral da Rep\u00fablica (<strong>PGR<\/strong>) apresentou den\u00fancia nesta quinta-feira contra o deputado federal\u00a0<strong>A\u00e9cio Neves<\/strong>\u00a0(PSDB-MG) por ter recebido propina de\u00a0<strong>R$ 65 milh\u00f5es\u00a0<\/strong>como contrapartida por obras de usinas hidrel\u00e9tricas que tiveram a participa\u00e7\u00e3o de uma estatal mineira. Os crimes apontados s\u00e3o de corrup\u00e7\u00e3o passiva e lavagem de dinheiro. Segundo a acusa\u00e7\u00e3o, os repasses foram feitos pelas empreiteiras Odebrecht e Andrade Gutierrez.<\/p>\n\n\n\n<p>Leia mais:<\/p>\n\n\n\n<p><a href=\"https:\/\/oglobo.globo.com\/brasil\/pgr-denuncia-aecio-neves-por-propina-de-65-milhoes-em-obras-de-hidreletricas-24403779\">https:\/\/oglobo.globo.com\/brasil\/pgr-denuncia-aecio-neves-por-propina-de-65-milhoes-em-obras-de-hidreletricas-24403779<\/a><\/p>\n","protected":false},"excerpt":{"rendered":"<p>O Globo &#8211; \u00a0A Procuradoria-Geral da Rep\u00fablica (PGR) apresentou den\u00fancia nesta quinta-feira contra o deputado federal\u00a0A\u00e9cio Neves\u00a0(PSDB-MG) por ter recebido propina de\u00a0R$ 65 milh\u00f5es\u00a0como contrapartida por obras de usinas hidrel\u00e9tricas que tiveram a participa\u00e7\u00e3o de uma estatal mineira. Os crimes apontados s\u00e3o&hellip;<\/p>\n","protected":false},"author":1,"featured_media":1149,"comment_status":"open","ping_status":"open","sticky":false,"template":"","format":"standard","meta":{"footnotes":""},"categories":[4],"tags":[62,90],"_links":{"self":[{"href":"https:\/\/pertinente.com.br\/site\/wp-json\/wp\/v2\/posts\/1150"}],"collection":[{"href":"https:\/\/pertinente.com.br\/site\/wp-json\/wp\/v2\/posts"}],"about":[{"href":"https:\/\/pertinente.com.br\/site\/wp-json\/wp\/v2\/types\/post"}],"author":[{"embeddable":true,"href":"https:\/\/pertinente.com.br\/site\/wp-json\/wp\/v2\/users\/1"}],"replies":[{"embeddable":true,"href":"https:\/\/pertinente.com.br\/site\/wp-json\/wp\/v2\/comments?post=1150"}],"version-history":[{"count":0,"href":"https:\/\/pertinente.com.br\/site\/wp-json\/wp\/v2\/posts\/1150\/revisions"}],"wp:featuredmedia":[{"embeddable":true,"href":"https:\/\/pertinente.com.br\/site\/wp-json\/wp\/v2\/media\/1149"}],"wp:attachment":[{"href":"https:\/\/pertinente.com.br\/site\/wp-json\/wp\/v2\/media?parent=1150"}],"wp:term":[{"taxonomy":"category","embeddable":true,"href":"https:\/\/pertinente.com.br\/site\/wp-json\/wp\/v2\/categories?post=1150"},{"taxonomy":"post_tag","embeddable":true,"href":"https:\/\/pertinente.com.br\/site\/wp-json\/wp\/v2\/tags?post=1150"}],"curies":[{"name":"wp","href":"https:\/\/api.w.org\/{rel}","templated":true}]}}