{"id":1156,"date":"2020-04-30T22:35:21","date_gmt":"2020-05-01T01:35:21","guid":{"rendered":"https:\/\/pertinente.com.br\/site\/2020\/04\/30\/bolsonaro-volta-a-dizer-que-pode-ter-sido-contaminado-por-coronavirus-sem-que-tivesse-sintomas\/"},"modified":"2020-04-30T22:35:21","modified_gmt":"2020-05-01T01:35:21","slug":"bolsonaro-volta-a-dizer-que-pode-ter-sido-contaminado-por-coronavirus-sem-que-tivesse-sintomas","status":"publish","type":"post","link":"https:\/\/pertinente.com.br\/site\/2020\/04\/30\/bolsonaro-volta-a-dizer-que-pode-ter-sido-contaminado-por-coronavirus-sem-que-tivesse-sintomas\/","title":{"rendered":"Bolsonaro volta a dizer que pode ter sido contaminado por coronav\u00edrus sem que tivesse sintomas"},"content":{"rendered":"\n<figure class=\"wp-block-image size-large\"><img loading=\"lazy\" decoding=\"async\" width=\"768\" height=\"512\" src=\"https:\/\/pertinente.com.br\/site\/wp-content\/uploads\/2020\/04\/15882696035eab122366feb_1588269603_3x2_md4553366497159626405.jpg\" alt=\"\" class=\"wp-image-1154\" srcset=\"https:\/\/pertinente.com.br\/site\/wp-content\/uploads\/2020\/04\/15882696035eab122366feb_1588269603_3x2_md4553366497159626405.jpg 768w, https:\/\/pertinente.com.br\/site\/wp-content\/uploads\/2020\/04\/15882696035eab122366feb_1588269603_3x2_md4553366497159626405-300x200.jpg 300w\" sizes=\"(max-width: 768px) 100vw, 768px\" \/><\/figure>\n\n\n\n<p>Folha &#8211; O presidente Jair Bolsonaro (sem partido) voltou a dizer que talvez tenha sido contaminado pelo novo coronav\u00edrus no passado e n\u00e3o tenha sentido sintomas da doen\u00e7a.<\/p>\n\n\n\n<p>&#8220;Eu talvez j\u00e1 tenha pegado esse v\u00edrus no passado, talvez, e nem senti&#8221;, disse nesta quinta-feira (30) em entrevista \u00e0 r\u00e1dio Gua\u00edba.<\/p>\n\n\n\n<p>Na mesma entrevista, no entanto, o presidente reafirmou que &#8220;n\u00e3o est\u00e1 acometido&#8221; pela Covid-19, embora tenha defendido que tem&nbsp;<a href=\"https:\/\/www1.folha.uol.com.br\/poder\/2020\/03\/bolsonaro-se-nega-a-mostrar-exames-que-segundo-ele-deram-negativo-para-coronavirus.shtml\">direito de n\u00e3o divulgar os dois exames<\/a>&nbsp;que fez para detectar a enfermidade \u2014que segundo ele deram negativo.<\/p>\n\n\n\n<p>Leia mais:<\/p>\n\n\n\n<p><a href=\"https:\/\/www1.folha.uol.com.br\/poder\/2020\/04\/bolsonaro-volta-a-dizer-que-talvez-tenha-sido-contaminado-e-nao-tenha-tido-sintomas-da-covid-19.shtml\">https:\/\/www1.folha.uol.com.br\/poder\/2020\/04\/bolsonaro-volta-a-dizer-que-talvez-tenha-sido-contaminado-e-nao-tenha-tido-sintomas-da-covid-19.shtml<\/a><\/p>\n","protected":false},"excerpt":{"rendered":"<p>Folha &#8211; O presidente Jair Bolsonaro (sem partido) voltou a dizer que talvez tenha sido contaminado pelo novo coronav\u00edrus no passado e n\u00e3o tenha sentido sintomas da doen\u00e7a. &#8220;Eu talvez j\u00e1 tenha pegado esse v\u00edrus no passado, talvez, e nem senti&#8221;, disse&hellip;<\/p>\n","protected":false},"author":1,"featured_media":1155,"comment_status":"open","ping_status":"open","sticky":false,"template":"","format":"standard","meta":{"footnotes":""},"categories":[4],"tags":[218,365,396,397],"_links":{"self":[{"href":"https:\/\/pertinente.com.br\/site\/wp-json\/wp\/v2\/posts\/1156"}],"collection":[{"href":"https:\/\/pertinente.com.br\/site\/wp-json\/wp\/v2\/posts"}],"about":[{"href":"https:\/\/pertinente.com.br\/site\/wp-json\/wp\/v2\/types\/post"}],"author":[{"embeddable":true,"href":"https:\/\/pertinente.com.br\/site\/wp-json\/wp\/v2\/users\/1"}],"replies":[{"embeddable":true,"href":"https:\/\/pertinente.com.br\/site\/wp-json\/wp\/v2\/comments?post=1156"}],"version-history":[{"count":0,"href":"https:\/\/pertinente.com.br\/site\/wp-json\/wp\/v2\/posts\/1156\/revisions"}],"wp:featuredmedia":[{"embeddable":true,"href":"https:\/\/pertinente.com.br\/site\/wp-json\/wp\/v2\/media\/1155"}],"wp:attachment":[{"href":"https:\/\/pertinente.com.br\/site\/wp-json\/wp\/v2\/media?parent=1156"}],"wp:term":[{"taxonomy":"category","embeddable":true,"href":"https:\/\/pertinente.com.br\/site\/wp-json\/wp\/v2\/categories?post=1156"},{"taxonomy":"post_tag","embeddable":true,"href":"https:\/\/pertinente.com.br\/site\/wp-json\/wp\/v2\/tags?post=1156"}],"curies":[{"name":"wp","href":"https:\/\/api.w.org\/{rel}","templated":true}]}}