{"id":1160,"date":"2020-05-01T00:02:12","date_gmt":"2020-05-01T03:02:12","guid":{"rendered":"https:\/\/pertinente.com.br\/site\/2020\/05\/01\/pensao-ilegal-pedida-por-moro-a-bolsonaro-e-generica-diz-ex-ministro-pgr-pode-investigar\/"},"modified":"2020-05-01T00:02:12","modified_gmt":"2020-05-01T03:02:12","slug":"pensao-ilegal-pedida-por-moro-a-bolsonaro-e-generica-diz-ex-ministro-pgr-pode-investigar","status":"publish","type":"post","link":"https:\/\/pertinente.com.br\/site\/2020\/05\/01\/pensao-ilegal-pedida-por-moro-a-bolsonaro-e-generica-diz-ex-ministro-pgr-pode-investigar\/","title":{"rendered":"Pens\u00e3o ilegal pedida por Moro a Bolsonaro \u00e9 &#8216;gen\u00e9rica&#8217;, diz ex-ministro; PGR pode investigar"},"content":{"rendered":"\n<figure class=\"wp-block-image size-large\"><img loading=\"lazy\" decoding=\"async\" width=\"400\" height=\"300\" src=\"https:\/\/pertinente.com.br\/site\/wp-content\/uploads\/2020\/05\/image-15558879393310228579.png\" alt=\"\" class=\"wp-image-1158\" srcset=\"https:\/\/pertinente.com.br\/site\/wp-content\/uploads\/2020\/05\/image-15558879393310228579.png 400w, https:\/\/pertinente.com.br\/site\/wp-content\/uploads\/2020\/05\/image-15558879393310228579-300x225.png 300w\" sizes=\"(max-width: 400px) 100vw, 400px\" \/><\/figure>\n\n\n\n<p>Di\u00e1rio do Nordeste &#8211; Na sexta-feira, 24,\u00a0<a href=\"https:\/\/diariodonordeste.verdesmares.com.br\/editorias\/politica\/online\/moro-renuncia-e-deixa-o-ministerio-da-justica-apos-bolsonaro-exonerar-diretor-da-pf-1.2238146\">ao se despedir do Minist\u00e9rio da Justi\u00e7a e da Seguran\u00e7a P\u00fablica<\/a>, S\u00e9rgio Moro afirmou que a \u00fanica condi\u00e7\u00e3o que impusera ao presidente Jair Bolsonaro para entrar no governo foi uma pens\u00e3o para sua fam\u00edlia caso ele morresse no trabalho.<\/p>\n\n\n\n<p>O pedido do ex-juiz da Lava Jato foi interpretado como uma ilegalidade na opini\u00e3o p\u00fablica. O deputado federal Rui Falc\u00e3o (PT-BA) pediu s\u00e1bado \u00e0 Procuradoria Geral da Rep\u00fablica (PGR) que investigue uma poss\u00edvel solicita\u00e7\u00e3o de vantagem indevida por Moro.<\/p>\n\n\n\n<p>Leia mais:<\/p>\n\n\n\n<p><a href=\"https:\/\/diariodonordeste.verdesmares.com.br\/editorias\/politica\/online\/pensao-pedida-por-moro-a-bolsonaro-e-generica-diz-ex-ministro-pgr-pode-investigar-ilegalidade-1.2239041\">https:\/\/diariodonordeste.verdesmares.com.br\/editorias\/politica\/online\/pensao-pedida-por-moro-a-bolsonaro-e-generica-diz-ex-ministro-pgr-pode-investigar-ilegalidade-1.2239041<\/a><\/p>\n","protected":false},"excerpt":{"rendered":"<p>Di\u00e1rio do Nordeste &#8211; Na sexta-feira, 24,\u00a0ao se despedir do Minist\u00e9rio da Justi\u00e7a e da Seguran\u00e7a P\u00fablica, S\u00e9rgio Moro afirmou que a \u00fanica condi\u00e7\u00e3o que impusera ao presidente Jair Bolsonaro para entrar no governo foi uma pens\u00e3o para sua fam\u00edlia caso ele&hellip;<\/p>\n","protected":false},"author":1,"featured_media":1159,"comment_status":"open","ping_status":"open","sticky":false,"template":"","format":"standard","meta":{"footnotes":""},"categories":[4],"tags":[400,399,21,398],"_links":{"self":[{"href":"https:\/\/pertinente.com.br\/site\/wp-json\/wp\/v2\/posts\/1160"}],"collection":[{"href":"https:\/\/pertinente.com.br\/site\/wp-json\/wp\/v2\/posts"}],"about":[{"href":"https:\/\/pertinente.com.br\/site\/wp-json\/wp\/v2\/types\/post"}],"author":[{"embeddable":true,"href":"https:\/\/pertinente.com.br\/site\/wp-json\/wp\/v2\/users\/1"}],"replies":[{"embeddable":true,"href":"https:\/\/pertinente.com.br\/site\/wp-json\/wp\/v2\/comments?post=1160"}],"version-history":[{"count":0,"href":"https:\/\/pertinente.com.br\/site\/wp-json\/wp\/v2\/posts\/1160\/revisions"}],"wp:featuredmedia":[{"embeddable":true,"href":"https:\/\/pertinente.com.br\/site\/wp-json\/wp\/v2\/media\/1159"}],"wp:attachment":[{"href":"https:\/\/pertinente.com.br\/site\/wp-json\/wp\/v2\/media?parent=1160"}],"wp:term":[{"taxonomy":"category","embeddable":true,"href":"https:\/\/pertinente.com.br\/site\/wp-json\/wp\/v2\/categories?post=1160"},{"taxonomy":"post_tag","embeddable":true,"href":"https:\/\/pertinente.com.br\/site\/wp-json\/wp\/v2\/tags?post=1160"}],"curies":[{"name":"wp","href":"https:\/\/api.w.org\/{rel}","templated":true}]}}