{"id":1163,"date":"2020-05-03T00:36:52","date_gmt":"2020-05-03T03:36:52","guid":{"rendered":"https:\/\/pertinente.com.br\/site\/2020\/05\/03\/stf-suspende-ordem-do-governo-bolsonaro-para-expulsar-diplomatas-venezuelanos\/"},"modified":"2020-05-03T00:36:52","modified_gmt":"2020-05-03T03:36:52","slug":"stf-suspende-ordem-do-governo-bolsonaro-para-expulsar-diplomatas-venezuelanos","status":"publish","type":"post","link":"https:\/\/pertinente.com.br\/site\/2020\/05\/03\/stf-suspende-ordem-do-governo-bolsonaro-para-expulsar-diplomatas-venezuelanos\/","title":{"rendered":"STF suspende ordem do governo Bolsonaro para expulsar diplomatas venezuelanos"},"content":{"rendered":"\n<figure class=\"wp-block-image size-large\"><img loading=\"lazy\" decoding=\"async\" width=\"1024\" height=\"683\" src=\"https:\/\/pertinente.com.br\/site\/wp-content\/uploads\/2020\/05\/15788472155e1b4bef7d326_1578847215_3x2_xl9088530843537363226-1024x683.jpg\" alt=\"\" class=\"wp-image-1161\" srcset=\"https:\/\/pertinente.com.br\/site\/wp-content\/uploads\/2020\/05\/15788472155e1b4bef7d326_1578847215_3x2_xl9088530843537363226-1024x683.jpg 1024w, https:\/\/pertinente.com.br\/site\/wp-content\/uploads\/2020\/05\/15788472155e1b4bef7d326_1578847215_3x2_xl9088530843537363226-300x200.jpg 300w, https:\/\/pertinente.com.br\/site\/wp-content\/uploads\/2020\/05\/15788472155e1b4bef7d326_1578847215_3x2_xl9088530843537363226-768x512.jpg 768w, https:\/\/pertinente.com.br\/site\/wp-content\/uploads\/2020\/05\/15788472155e1b4bef7d326_1578847215_3x2_xl9088530843537363226.jpg 1200w\" sizes=\"(max-width: 1024px) 100vw, 1024px\" \/><\/figure>\n\n\n\n<p>O ministro Lu\u00eds Roberto Barroso, do STF (Supremo Tribunal Federal), suspendeu neste s\u00e1bado (2) a ordem de&nbsp;<a href=\"https:\/\/www1.folha.uol.com.br\/mundo\/2020\/05\/por-pandemia-pgr-recomenda-que-itamaraty-suspenda-ordem-de-expulsao-de-diplomatas-chavistas.shtml\">expuls\u00e3o dos diplomatas venezuelanos<\/a>&nbsp;que est\u00e3o no Brasil representando o regime do ditador Nicol\u00e1s Maduro.<\/p>\n\n\n\n<p>Nesta semana, o Itamaraty enviou documento \u00e0 embaixada e aos consulados venezuelanos no pa\u00eds e&nbsp;<a href=\"https:\/\/www1.folha.uol.com.br\/mundo\/2020\/04\/itamaraty-avisa-diplomatas-chavistas-para-deixarem-brasil-ate-2-de-maio.shtml\">listou 34 funcion\u00e1rios que deveriam sair do pa\u00eds<\/a>&nbsp;\u2014junto com seus dependentes\u2014 at\u00e9 este s\u00e1bado.<\/p>\n\n\n\n<p>Leia mais:<\/p>\n\n\n\n<p><a href=\"https:\/\/www1.folha.uol.com.br\/mundo\/2020\/05\/barroso-suspende-ordem-do-governo-bolsonaro-de-expulsao-de-diplomatas-venezuelanos.shtml\">https:\/\/www1.folha.uol.com.br\/mundo\/2020\/05\/barroso-suspende-ordem-do-governo-bolsonaro-de-expulsao-de-diplomatas-venezuelanos.shtml<\/a><\/p>\n","protected":false},"excerpt":{"rendered":"<p>O ministro Lu\u00eds Roberto Barroso, do STF (Supremo Tribunal Federal), suspendeu neste s\u00e1bado (2) a ordem de&nbsp;expuls\u00e3o dos diplomatas venezuelanos&nbsp;que est\u00e3o no Brasil representando o regime do ditador Nicol\u00e1s Maduro. Nesta semana, o Itamaraty enviou documento \u00e0 embaixada e aos consulados venezuelanos&hellip;<\/p>\n","protected":false},"author":1,"featured_media":1162,"comment_status":"open","ping_status":"open","sticky":false,"template":"","format":"standard","meta":{"footnotes":""},"categories":[4],"tags":[178,401,66,274],"_links":{"self":[{"href":"https:\/\/pertinente.com.br\/site\/wp-json\/wp\/v2\/posts\/1163"}],"collection":[{"href":"https:\/\/pertinente.com.br\/site\/wp-json\/wp\/v2\/posts"}],"about":[{"href":"https:\/\/pertinente.com.br\/site\/wp-json\/wp\/v2\/types\/post"}],"author":[{"embeddable":true,"href":"https:\/\/pertinente.com.br\/site\/wp-json\/wp\/v2\/users\/1"}],"replies":[{"embeddable":true,"href":"https:\/\/pertinente.com.br\/site\/wp-json\/wp\/v2\/comments?post=1163"}],"version-history":[{"count":0,"href":"https:\/\/pertinente.com.br\/site\/wp-json\/wp\/v2\/posts\/1163\/revisions"}],"wp:featuredmedia":[{"embeddable":true,"href":"https:\/\/pertinente.com.br\/site\/wp-json\/wp\/v2\/media\/1162"}],"wp:attachment":[{"href":"https:\/\/pertinente.com.br\/site\/wp-json\/wp\/v2\/media?parent=1163"}],"wp:term":[{"taxonomy":"category","embeddable":true,"href":"https:\/\/pertinente.com.br\/site\/wp-json\/wp\/v2\/categories?post=1163"},{"taxonomy":"post_tag","embeddable":true,"href":"https:\/\/pertinente.com.br\/site\/wp-json\/wp\/v2\/tags?post=1163"}],"curies":[{"name":"wp","href":"https:\/\/api.w.org\/{rel}","templated":true}]}}