{"id":1166,"date":"2020-05-03T18:32:41","date_gmt":"2020-05-03T21:32:41","guid":{"rendered":"https:\/\/pertinente.com.br\/site\/2020\/05\/03\/autogolpe-bolsonaro-adere-a-protesto-contra-moro-stf-e-congresso-e-diz-que-chegou-no-limitedisse-ter-apoio-das-forcas-armadas-e-afirmou-que-infelizmente-muitos-vao-morrer\/"},"modified":"2020-05-05T17:29:24","modified_gmt":"2020-05-05T20:29:24","slug":"autogolpe-bolsonaro-adere-a-protesto-contra-moro-stf-e-congresso-e-diz-que-chegou-no-limitedisse-ter-apoio-das-forcas-armadas-e-afirmou-que-infelizmente-muitos-vao-morrer","status":"publish","type":"post","link":"https:\/\/pertinente.com.br\/site\/2020\/05\/03\/autogolpe-bolsonaro-adere-a-protesto-contra-moro-stf-e-congresso-e-diz-que-chegou-no-limitedisse-ter-apoio-das-forcas-armadas-e-afirmou-que-infelizmente-muitos-vao-morrer\/","title":{"rendered":"Autogolpe? Bolsonaro adere a protesto contra Moro, STF e Congresso e diz que chegou &#8216;no limite&#8217;"},"content":{"rendered":"\n<figure class=\"wp-block-image size-large\"><img loading=\"lazy\" decoding=\"async\" width=\"1024\" height=\"615\" src=\"https:\/\/pertinente.com.br\/site\/wp-content\/uploads\/2020\/05\/x88028944_supporters-of-brazilian-president-jair-bolsonaro-gather-outside-planalto-palace-in-bras3174916559711504070-1024x615.jpg\" alt=\"\" class=\"wp-image-1164\" srcset=\"https:\/\/pertinente.com.br\/site\/wp-content\/uploads\/2020\/05\/x88028944_supporters-of-brazilian-president-jair-bolsonaro-gather-outside-planalto-palace-in-bras3174916559711504070-1024x615.jpg 1024w, https:\/\/pertinente.com.br\/site\/wp-content\/uploads\/2020\/05\/x88028944_supporters-of-brazilian-president-jair-bolsonaro-gather-outside-planalto-palace-in-bras3174916559711504070-300x180.jpg 300w, https:\/\/pertinente.com.br\/site\/wp-content\/uploads\/2020\/05\/x88028944_supporters-of-brazilian-president-jair-bolsonaro-gather-outside-planalto-palace-in-bras3174916559711504070-768x461.jpg 768w, https:\/\/pertinente.com.br\/site\/wp-content\/uploads\/2020\/05\/x88028944_supporters-of-brazilian-president-jair-bolsonaro-gather-outside-planalto-palace-in-bras3174916559711504070.jpg 1086w\" sizes=\"(max-width: 1024px) 100vw, 1024px\" \/><figcaption>Presidente disse ter apoio das For\u00e7as Armadas e que &#8216;infelizmente&#8217; muitos v\u00e3o morrer.<\/figcaption><\/figure>\n\n\n\n<p>O Globo &#8211; Ao comparecer a um ato de apoio a seu governo e de ataques ao STF, ao Congresso e ao ex-ministro Sergio Moro, o presidente&nbsp;<strong>Jair Bolsonaro<\/strong>&nbsp;declarou neste domingo, na rampa do Pal\u00e1cio do Planalto, que n\u00e3o vai mais &#8220;admitir interfer\u00eancia&#8221; em seu governo e que chegou &#8220;ao limite&#8221;. <\/p>\n\n\n\n<p>O presidente disse ainda ter o apoio das For\u00e7as Armadas, sem detalhar a que se referia. Bolsonaro foi ao encontro de manifestantes que fizeram uma carreata que percorreu a&nbsp;<strong>Esplanada dos Minist\u00e9rios<\/strong>.<\/p>\n\n\n\n<p>Leia mais:<\/p>\n\n\n\n<p><a href=\"https:\/\/oglobo.globo.com\/brasil\/da-rampa-do-planalto-bolsonaro-adere-protesto-contra-moro-stf-congresso-diz-que-chegou-no-limite-24408096\">https:\/\/oglobo.globo.com\/brasil\/da-rampa-do-planalto-bolsonaro-adere-protesto-contra-moro-stf-congresso-diz-que-chegou-no-limite-24408096<\/a><\/p>\n","protected":false},"excerpt":{"rendered":"<p>O Globo &#8211; Ao comparecer a um ato de apoio a seu governo e de ataques ao STF, ao Congresso e ao ex-ministro Sergio Moro, o presidente&nbsp;Jair Bolsonaro&nbsp;declarou neste domingo, na rampa do Pal\u00e1cio do Planalto, que n\u00e3o vai mais &#8220;admitir interfer\u00eancia&#8221;&hellip;<\/p>\n","protected":false},"author":1,"featured_media":1165,"comment_status":"open","ping_status":"open","sticky":false,"template":"","format":"standard","meta":{"footnotes":""},"categories":[4],"tags":[364,218,66],"_links":{"self":[{"href":"https:\/\/pertinente.com.br\/site\/wp-json\/wp\/v2\/posts\/1166"}],"collection":[{"href":"https:\/\/pertinente.com.br\/site\/wp-json\/wp\/v2\/posts"}],"about":[{"href":"https:\/\/pertinente.com.br\/site\/wp-json\/wp\/v2\/types\/post"}],"author":[{"embeddable":true,"href":"https:\/\/pertinente.com.br\/site\/wp-json\/wp\/v2\/users\/1"}],"replies":[{"embeddable":true,"href":"https:\/\/pertinente.com.br\/site\/wp-json\/wp\/v2\/comments?post=1166"}],"version-history":[{"count":2,"href":"https:\/\/pertinente.com.br\/site\/wp-json\/wp\/v2\/posts\/1166\/revisions"}],"predecessor-version":[{"id":1181,"href":"https:\/\/pertinente.com.br\/site\/wp-json\/wp\/v2\/posts\/1166\/revisions\/1181"}],"wp:featuredmedia":[{"embeddable":true,"href":"https:\/\/pertinente.com.br\/site\/wp-json\/wp\/v2\/media\/1165"}],"wp:attachment":[{"href":"https:\/\/pertinente.com.br\/site\/wp-json\/wp\/v2\/media?parent=1166"}],"wp:term":[{"taxonomy":"category","embeddable":true,"href":"https:\/\/pertinente.com.br\/site\/wp-json\/wp\/v2\/categories?post=1166"},{"taxonomy":"post_tag","embeddable":true,"href":"https:\/\/pertinente.com.br\/site\/wp-json\/wp\/v2\/tags?post=1166"}],"curies":[{"name":"wp","href":"https:\/\/api.w.org\/{rel}","templated":true}]}}