{"id":1172,"date":"2020-05-04T20:06:12","date_gmt":"2020-05-04T23:06:12","guid":{"rendered":"https:\/\/pertinente.com.br\/site\/2020\/05\/04\/bolsonaro-tem-maior-avaliacao-negativa-desde-que-iniciou-o-governo\/"},"modified":"2020-05-04T20:07:33","modified_gmt":"2020-05-04T23:07:33","slug":"bolsonaro-tem-maior-avaliacao-negativa-desde-que-iniciou-o-governo","status":"publish","type":"post","link":"https:\/\/pertinente.com.br\/site\/2020\/05\/04\/bolsonaro-tem-maior-avaliacao-negativa-desde-que-iniciou-o-governo\/","title":{"rendered":"Bolsonaro tem maior avalia\u00e7\u00e3o negativa desde que iniciou o governo"},"content":{"rendered":"\n<figure class=\"wp-block-image size-large\"><img loading=\"lazy\" decoding=\"async\" width=\"806\" height=\"443\" src=\"https:\/\/pertinente.com.br\/site\/wp-content\/uploads\/2020\/05\/1_000_1qt277-80778911568537631127069050.jpg\" alt=\"\" class=\"wp-image-1173\" srcset=\"https:\/\/pertinente.com.br\/site\/wp-content\/uploads\/2020\/05\/1_000_1qt277-80778911568537631127069050.jpg 806w, https:\/\/pertinente.com.br\/site\/wp-content\/uploads\/2020\/05\/1_000_1qt277-80778911568537631127069050-300x165.jpg 300w, https:\/\/pertinente.com.br\/site\/wp-content\/uploads\/2020\/05\/1_000_1qt277-80778911568537631127069050-768x422.jpg 768w\" sizes=\"(max-width: 806px) 100vw, 806px\" \/><\/figure>\n\n\n\n<p>Jornal do Com\u00e9rcio &#8211; Em uma nova rodada de pesquisa feita pela XP Ipespe, conclu\u00edda na \u00faltima quinta-feira (30), o resultado indicou que, desde o&nbsp;<a rel=\"noreferrer noopener\" href=\"https:\/\/jc.ne10.uol.com.br\/politica\/2020\/04\/5607052-apos-embates-com-bolsonaro--sergio-moro-anuncia-a-saida-do-ministerio-da-justica.html\" target=\"_blank\">pedido de demiss\u00e3o de Sergio Moro do Minist\u00e9rio de Justi\u00e7a e Seguran\u00e7a P\u00fablica<\/a>, em 24 de abril, a avalia\u00e7\u00e3o positiva do presidente Jair Bolsonaro (sem partido) caiu 4 pontos percentuais, de 31% para 27%.&nbsp;Enquanto isso, a avalia\u00e7\u00e3o negativa saltou 7 ponto percentuais, de 42% para 49%.&nbsp;<\/p>\n\n\n\n<p>Leia mais:<\/p>\n\n\n\n<p><a href=\"https:\/\/jc.ne10.uol.com.br\/politica\/2020\/05\/5608033-apos-saida-de-moro--bolsonaro-tem-maior-avaliacao-negativa-desde-que-iniciou-o-governo.html\">https:\/\/jc.ne10.uol.com.br\/politica\/2020\/05\/5608033-apos-saida-de-moro&#8211;bolsonaro-tem-maior-avaliacao-negativa-desde-que-iniciou-o-governo.html<\/a><\/p>\n","protected":false},"excerpt":{"rendered":"<p>Jornal do Com\u00e9rcio &#8211; Em uma nova rodada de pesquisa feita pela XP Ipespe, conclu\u00edda na \u00faltima quinta-feira (30), o resultado indicou que, desde o&nbsp;pedido de demiss\u00e3o de Sergio Moro do Minist\u00e9rio de Justi\u00e7a e Seguran\u00e7a P\u00fablica, em 24 de abril, a&hellip;<\/p>\n","protected":false},"author":1,"featured_media":1171,"comment_status":"open","ping_status":"open","sticky":false,"template":"","format":"standard","meta":{"footnotes":""},"categories":[4],"tags":[403,212],"_links":{"self":[{"href":"https:\/\/pertinente.com.br\/site\/wp-json\/wp\/v2\/posts\/1172"}],"collection":[{"href":"https:\/\/pertinente.com.br\/site\/wp-json\/wp\/v2\/posts"}],"about":[{"href":"https:\/\/pertinente.com.br\/site\/wp-json\/wp\/v2\/types\/post"}],"author":[{"embeddable":true,"href":"https:\/\/pertinente.com.br\/site\/wp-json\/wp\/v2\/users\/1"}],"replies":[{"embeddable":true,"href":"https:\/\/pertinente.com.br\/site\/wp-json\/wp\/v2\/comments?post=1172"}],"version-history":[{"count":1,"href":"https:\/\/pertinente.com.br\/site\/wp-json\/wp\/v2\/posts\/1172\/revisions"}],"predecessor-version":[{"id":1174,"href":"https:\/\/pertinente.com.br\/site\/wp-json\/wp\/v2\/posts\/1172\/revisions\/1174"}],"wp:featuredmedia":[{"embeddable":true,"href":"https:\/\/pertinente.com.br\/site\/wp-json\/wp\/v2\/media\/1171"}],"wp:attachment":[{"href":"https:\/\/pertinente.com.br\/site\/wp-json\/wp\/v2\/media?parent=1172"}],"wp:term":[{"taxonomy":"category","embeddable":true,"href":"https:\/\/pertinente.com.br\/site\/wp-json\/wp\/v2\/categories?post=1172"},{"taxonomy":"post_tag","embeddable":true,"href":"https:\/\/pertinente.com.br\/site\/wp-json\/wp\/v2\/tags?post=1172"}],"curies":[{"name":"wp","href":"https:\/\/api.w.org\/{rel}","templated":true}]}}