{"id":1184,"date":"2020-05-08T10:47:11","date_gmt":"2020-05-08T13:47:11","guid":{"rendered":"https:\/\/pertinente.com.br\/site\/2020\/05\/08\/recem-aliado-a-bolsonaro-centrao-e-suspeito-de-usar-apoio-e-cargos-para-obter-propina\/"},"modified":"2020-05-08T10:47:11","modified_gmt":"2020-05-08T13:47:11","slug":"recem-aliado-a-bolsonaro-centrao-e-suspeito-de-usar-apoio-e-cargos-para-obter-propina","status":"publish","type":"post","link":"https:\/\/pertinente.com.br\/site\/2020\/05\/08\/recem-aliado-a-bolsonaro-centrao-e-suspeito-de-usar-apoio-e-cargos-para-obter-propina\/","title":{"rendered":"Rec\u00e9m-aliado a Bolsonaro, centr\u00e3o \u00e9 suspeito de usar apoio e cargos para obter propina"},"content":{"rendered":"\n<figure class=\"wp-block-image size-large\"><img loading=\"lazy\" decoding=\"async\" width=\"768\" height=\"512\" src=\"https:\/\/pertinente.com.br\/site\/wp-content\/uploads\/2020\/05\/15888820915eb46aabbbe2b_1588882091_3x2_md2431993969802283094.jpg\" alt=\"\" class=\"wp-image-1182\" srcset=\"https:\/\/pertinente.com.br\/site\/wp-content\/uploads\/2020\/05\/15888820915eb46aabbbe2b_1588882091_3x2_md2431993969802283094.jpg 768w, https:\/\/pertinente.com.br\/site\/wp-content\/uploads\/2020\/05\/15888820915eb46aabbbe2b_1588882091_3x2_md2431993969802283094-300x200.jpg 300w\" sizes=\"(max-width: 768px) 100vw, 768px\" \/><\/figure>\n\n\n\n<p>Folha &#8211; Os deputados federais hoje mais cotados para disputar a presid\u00eancia da C\u00e2mara daqui a nove meses s\u00e3o implicados no esc\u00e2ndalo da Lava Jato justamente sob suspeita ou acusa\u00e7\u00e3o de usar cargos federais ou apoio ao governo para obter vantagem indevida.<\/p>\n\n\n\n<p>O&nbsp;<a href=\"https:\/\/www1.folha.uol.com.br\/poder\/2019\/12\/articulacao-do-governo-bolsonaro-no-congresso-e-nula-diz-lider-do-centrao.shtml\">l\u00edder do bloco do centr\u00e3o, Arthur Lira<\/a>&nbsp;(PP-AL), e o l\u00edder da maioria na C\u00e2mara, Aguinaldo Ribeiro (PP-PB), tiveram den\u00fancia recebida pelo Supremo Tribunal Federal. O vice-presidente da Casa, Marcos Pereira (Republicanos-SP), \u00e9 investigado em um inqu\u00e9rito.<\/p>\n\n\n\n<p>Os tr\u00eas est\u00e3o entre os principais l\u00edderes do centr\u00e3o e s\u00e3o, atualmente, os nomes mais fortes na corrida sucess\u00f3ria, apesar de haver boa margem para reviravoltas at\u00e9 fevereiro de 2021.<\/p>\n\n\n\n<p>Leia mais:<\/p>\n\n\n\n<p>https:\/\/www1.folha.uol.com.br\/poder\/2020\/05\/recem-aliado-a-bolsonaro-centrao-e-suspeito-de-usar-apoio-e-cargos-para-obter-propina.shtml<\/p>\n","protected":false},"excerpt":{"rendered":"<p>Folha &#8211; Os deputados federais hoje mais cotados para disputar a presid\u00eancia da C\u00e2mara daqui a nove meses s\u00e3o implicados no esc\u00e2ndalo da Lava Jato justamente sob suspeita ou acusa\u00e7\u00e3o de usar cargos federais ou apoio ao governo para obter vantagem indevida.&hellip;<\/p>\n","protected":false},"author":1,"featured_media":1183,"comment_status":"open","ping_status":"open","sticky":false,"template":"","format":"standard","meta":{"footnotes":""},"categories":[4],"tags":[410,218,409,90],"_links":{"self":[{"href":"https:\/\/pertinente.com.br\/site\/wp-json\/wp\/v2\/posts\/1184"}],"collection":[{"href":"https:\/\/pertinente.com.br\/site\/wp-json\/wp\/v2\/posts"}],"about":[{"href":"https:\/\/pertinente.com.br\/site\/wp-json\/wp\/v2\/types\/post"}],"author":[{"embeddable":true,"href":"https:\/\/pertinente.com.br\/site\/wp-json\/wp\/v2\/users\/1"}],"replies":[{"embeddable":true,"href":"https:\/\/pertinente.com.br\/site\/wp-json\/wp\/v2\/comments?post=1184"}],"version-history":[{"count":0,"href":"https:\/\/pertinente.com.br\/site\/wp-json\/wp\/v2\/posts\/1184\/revisions"}],"wp:featuredmedia":[{"embeddable":true,"href":"https:\/\/pertinente.com.br\/site\/wp-json\/wp\/v2\/media\/1183"}],"wp:attachment":[{"href":"https:\/\/pertinente.com.br\/site\/wp-json\/wp\/v2\/media?parent=1184"}],"wp:term":[{"taxonomy":"category","embeddable":true,"href":"https:\/\/pertinente.com.br\/site\/wp-json\/wp\/v2\/categories?post=1184"},{"taxonomy":"post_tag","embeddable":true,"href":"https:\/\/pertinente.com.br\/site\/wp-json\/wp\/v2\/tags?post=1184"}],"curies":[{"name":"wp","href":"https:\/\/api.w.org\/{rel}","templated":true}]}}