{"id":1187,"date":"2020-05-08T10:57:25","date_gmt":"2020-05-08T13:57:25","guid":{"rendered":"https:\/\/pertinente.com.br\/site\/2020\/05\/08\/lockdown-em-fortaleza-fiscalizacao-acontece-nas-principais-vias-da-cidade\/"},"modified":"2020-05-08T10:57:25","modified_gmt":"2020-05-08T13:57:25","slug":"lockdown-em-fortaleza-fiscalizacao-acontece-nas-principais-vias-da-cidade","status":"publish","type":"post","link":"https:\/\/pertinente.com.br\/site\/2020\/05\/08\/lockdown-em-fortaleza-fiscalizacao-acontece-nas-principais-vias-da-cidade\/","title":{"rendered":"Lockdown em Fortaleza: fiscaliza\u00e7\u00e3o acontece nas principais vias da Cidade"},"content":{"rendered":"\n<figure class=\"wp-block-image size-large\"><img loading=\"lazy\" decoding=\"async\" width=\"750\" height=\"498\" src=\"https:\/\/pertinente.com.br\/site\/wp-content\/uploads\/2020\/05\/1_whatsapp_image_2020_05_08_at_09_46_02_jpeg-125507985518246212249503077.jpg\" alt=\"\" class=\"wp-image-1185\" srcset=\"https:\/\/pertinente.com.br\/site\/wp-content\/uploads\/2020\/05\/1_whatsapp_image_2020_05_08_at_09_46_02_jpeg-125507985518246212249503077.jpg 750w, https:\/\/pertinente.com.br\/site\/wp-content\/uploads\/2020\/05\/1_whatsapp_image_2020_05_08_at_09_46_02_jpeg-125507985518246212249503077-300x199.jpg 300w\" sizes=\"(max-width: 750px) 100vw, 750px\" \/><figcaption>Documentos de identifica\u00e7\u00e3o e alguma declara\u00e7\u00e3o que comprove a necessidade de sair de casa s\u00e3o solicitados pela fiscaliza\u00e7\u00e3o (Foto: Fabio Lima\/O POVO)<\/figcaption><\/figure>\n\n\n\n<figure class=\"wp-block-image img-horizontal\"><a href=\"https:\/\/www.opovo.com.br\/_midias\/jpg\/2020\/05\/08\/whatsapp_image_2020_05_08_at_09_46_02_jpeg-12550798.jpg\"><img decoding=\"async\" src=\"https:\/\/www.opovo.com.br\/_midias\/jpg\/2020\/05\/08\/750x499\/1_whatsapp_image_2020_05_08_at_09_46_02_jpeg-12550798.jpg\" alt=\" Documentos de identifica\u00e7\u00e3o e alguma declara\u00e7\u00e3o que comprove a necessidade de sair de casa s\u00e3o solicitados pela fiscaliza\u00e7\u00e3o\" title=\"Foto: \"\/><\/a><figcaption>Documentos de identifica\u00e7\u00e3o e alguma declara\u00e7\u00e3o que comprove a necessidade de sair de casa s\u00e3o solicitados pela fiscaliza\u00e7\u00e3o (Foto: Fabio Lima\/O POVO)<\/figcaption><\/figure>\n\n\n\n<p class=\"texto\">O Povo &#8211; A fiscaliza\u00e7\u00e3o nas sa\u00eddas de Fortaleza para restringir a circula\u00e7\u00e3o de pessoas come\u00e7ou nesta sexta-feira, 8. Documentos de identifica\u00e7\u00e3o e alguma declara\u00e7\u00e3o que comprove a necessidade de sair de casa s\u00e3o solicitados. <\/p>\n\n\n\n<p>Ao todo, ser\u00e3o implementadas barreiras de controle nas sete entradas da Capital. Al\u00e9m de bases m\u00f3veis em vias de menor fluxo, cerca de\u00a0<a href=\"https:\/\/www.opovo.com.br\/coronavirus\/2020\/05\/07\/isolamento-social-fortaleza-cornavirus-fiscalizacao-blitz-decreto.html\">20 blitzes fixas est\u00e3o nas principais vias de Fortaleza<\/a>.\u00a0<\/p>\n\n\n\n<p>Est\u00e1 permitido a ida servi\u00e7os essenciais como supermercados, farm\u00e1cias, unidades de sa\u00fade, de assist\u00eancia veterin\u00e1ria ou a \u00f3rg\u00e3os p\u00fablicos, no caso da necessidade de atendimento presencial.<\/p>\n\n\n\n<p>Leia mais:<\/p>\n\n\n\n<p><a href=\"https:\/\/www.opovo.com.br\/coronavirus\/2020\/05\/08\/lockdown-em-fortaleza--fiscalizacao-acontece-nas-principais-vias-da-cidade.html\">https:\/\/www.opovo.com.br\/coronavirus\/2020\/05\/08\/lockdown-em-fortaleza&#8211;fiscalizacao-acontece-nas-principais-vias-da-cidade.html<\/a><\/p>\n","protected":false},"excerpt":{"rendered":"<p>O Povo &#8211; A fiscaliza\u00e7\u00e3o nas sa\u00eddas de Fortaleza para restringir a circula\u00e7\u00e3o de pessoas come\u00e7ou nesta sexta-feira, 8. Documentos de identifica\u00e7\u00e3o e alguma declara\u00e7\u00e3o que comprove a necessidade de sair de casa s\u00e3o solicitados. Ao todo, ser\u00e3o implementadas barreiras de controle&hellip;<\/p>\n","protected":false},"author":1,"featured_media":1186,"comment_status":"open","ping_status":"open","sticky":false,"template":"","format":"standard","meta":{"footnotes":""},"categories":[4],"tags":[30,411],"_links":{"self":[{"href":"https:\/\/pertinente.com.br\/site\/wp-json\/wp\/v2\/posts\/1187"}],"collection":[{"href":"https:\/\/pertinente.com.br\/site\/wp-json\/wp\/v2\/posts"}],"about":[{"href":"https:\/\/pertinente.com.br\/site\/wp-json\/wp\/v2\/types\/post"}],"author":[{"embeddable":true,"href":"https:\/\/pertinente.com.br\/site\/wp-json\/wp\/v2\/users\/1"}],"replies":[{"embeddable":true,"href":"https:\/\/pertinente.com.br\/site\/wp-json\/wp\/v2\/comments?post=1187"}],"version-history":[{"count":0,"href":"https:\/\/pertinente.com.br\/site\/wp-json\/wp\/v2\/posts\/1187\/revisions"}],"wp:featuredmedia":[{"embeddable":true,"href":"https:\/\/pertinente.com.br\/site\/wp-json\/wp\/v2\/media\/1186"}],"wp:attachment":[{"href":"https:\/\/pertinente.com.br\/site\/wp-json\/wp\/v2\/media?parent=1187"}],"wp:term":[{"taxonomy":"category","embeddable":true,"href":"https:\/\/pertinente.com.br\/site\/wp-json\/wp\/v2\/categories?post=1187"},{"taxonomy":"post_tag","embeddable":true,"href":"https:\/\/pertinente.com.br\/site\/wp-json\/wp\/v2\/tags?post=1187"}],"curies":[{"name":"wp","href":"https:\/\/api.w.org\/{rel}","templated":true}]}}