{"id":1190,"date":"2020-05-08T14:52:39","date_gmt":"2020-05-08T17:52:39","guid":{"rendered":"http:\/\/pertinente.com.br\/site\/2020\/05\/08\/enquanto-o-brasil-ja-tem-mais-de-10-mil-mortes-por-covid19-bolsonaro-diz-que-fara-churrasco-para-30-convidados-no-sabado\/"},"modified":"2020-05-08T15:11:33","modified_gmt":"2020-05-08T18:11:33","slug":"enquanto-o-brasil-ja-tem-mais-de-10-mil-mortes-por-covid19-bolsonaro-diz-que-fara-churrasco-para-30-convidados-no-sabado","status":"publish","type":"post","link":"https:\/\/pertinente.com.br\/site\/2020\/05\/08\/enquanto-o-brasil-ja-tem-mais-de-10-mil-mortes-por-covid19-bolsonaro-diz-que-fara-churrasco-para-30-convidados-no-sabado\/","title":{"rendered":"Enquanto o Brasil se aproxima de 10 mil mortes por COVID19, Bolsonaro diz que far\u00e1 churrasco para 30 convidados no s\u00e1bado"},"content":{"rendered":"\n<figure class=\"wp-block-image size-large\"><img loading=\"lazy\" decoding=\"async\" width=\"1024\" height=\"481\" src=\"http:\/\/pertinente.com.br\/site\/wp-content\/uploads\/2020\/05\/imagem_noticia_3853407187111797281-1024x481.jpg\" alt=\"\" class=\"wp-image-1188\" srcset=\"https:\/\/pertinente.com.br\/site\/wp-content\/uploads\/2020\/05\/imagem_noticia_3853407187111797281-1024x481.jpg 1024w, https:\/\/pertinente.com.br\/site\/wp-content\/uploads\/2020\/05\/imagem_noticia_3853407187111797281-300x141.jpg 300w, https:\/\/pertinente.com.br\/site\/wp-content\/uploads\/2020\/05\/imagem_noticia_3853407187111797281-768x361.jpg 768w, https:\/\/pertinente.com.br\/site\/wp-content\/uploads\/2020\/05\/imagem_noticia_3853407187111797281-1536x722.jpg 1536w, https:\/\/pertinente.com.br\/site\/wp-content\/uploads\/2020\/05\/imagem_noticia_3853407187111797281.jpg 1600w\" sizes=\"(max-width: 1024px) 100vw, 1024px\" \/><\/figure>\n\n\n\n<p>BHAZ &#8211; Ap\u00f3s 9 mil mortes pela Covid-19, Bolsonaro far\u00e1 churrasco para 30 pessoas com direito a \u2018futebolzinho\u2019 neste s\u00e1bado.<\/p>\n\n\n\n<p>O presidente da Rep\u00fablica, Jair Bolsonaro (sem partido), disse, em entrevista coletiva na noite dessa quinta-feira (7), que far\u00e1 um churrasco para convidados neste s\u00e1bado (8), em Bras\u00edlia. O evento acontecer\u00e1 em meio \u00e0 pandemia do novo coronav\u00edrus, em um momento em que o Minist\u00e9rio da Sa\u00fade pede que se pratique o distanciamento social e evite aglomera\u00e7\u00f5es de pessoas.<\/p>\n\n\n\n<p>Em tom zombeteiro, o presidente diz que o evento deve reunir cerca de 30 pessoas. \u201cEstou cometendo um crime, vou fazer um churrasco na s\u00e1bado aqui. Convidei o Wagner, ministro da CGU (Controladoria Geral da Uni\u00e3o), ele vai trazer o filho dele de 13 anos. S\u00f3 que n\u00e3o olha para n\u00f3s, o bicho vai pegar, t\u00e1 certo? Quem sabe fazer uma peladinha, alguns ministros, servidores que est\u00e3o do meu lado\u201d, come\u00e7a.<\/p>\n\n\n\n<p>Leia mais:<\/p>\n\n\n\n<p><a href=\"https:\/\/bhaz.com.br\/2020\/05\/08\/bolsonaro-churrasco-pandemia\/\">https:\/\/bhaz.com.br\/2020\/05\/08\/bolsonaro-churrasco-pandemia\/<\/a><\/p>\n","protected":false},"excerpt":{"rendered":"<p>BHAZ &#8211; Ap\u00f3s 9 mil mortes pela Covid-19, Bolsonaro far\u00e1 churrasco para 30 pessoas com direito a \u2018futebolzinho\u2019 neste s\u00e1bado. O presidente da Rep\u00fablica, Jair Bolsonaro (sem partido), disse, em entrevista coletiva na noite dessa quinta-feira (7), que far\u00e1 um churrasco para&hellip;<\/p>\n","protected":false},"author":1,"featured_media":1189,"comment_status":"open","ping_status":"open","sticky":false,"template":"","format":"standard","meta":{"footnotes":""},"categories":[4],"tags":[218,413,412],"_links":{"self":[{"href":"https:\/\/pertinente.com.br\/site\/wp-json\/wp\/v2\/posts\/1190"}],"collection":[{"href":"https:\/\/pertinente.com.br\/site\/wp-json\/wp\/v2\/posts"}],"about":[{"href":"https:\/\/pertinente.com.br\/site\/wp-json\/wp\/v2\/types\/post"}],"author":[{"embeddable":true,"href":"https:\/\/pertinente.com.br\/site\/wp-json\/wp\/v2\/users\/1"}],"replies":[{"embeddable":true,"href":"https:\/\/pertinente.com.br\/site\/wp-json\/wp\/v2\/comments?post=1190"}],"version-history":[{"count":1,"href":"https:\/\/pertinente.com.br\/site\/wp-json\/wp\/v2\/posts\/1190\/revisions"}],"predecessor-version":[{"id":1191,"href":"https:\/\/pertinente.com.br\/site\/wp-json\/wp\/v2\/posts\/1190\/revisions\/1191"}],"wp:featuredmedia":[{"embeddable":true,"href":"https:\/\/pertinente.com.br\/site\/wp-json\/wp\/v2\/media\/1189"}],"wp:attachment":[{"href":"https:\/\/pertinente.com.br\/site\/wp-json\/wp\/v2\/media?parent=1190"}],"wp:term":[{"taxonomy":"category","embeddable":true,"href":"https:\/\/pertinente.com.br\/site\/wp-json\/wp\/v2\/categories?post=1190"},{"taxonomy":"post_tag","embeddable":true,"href":"https:\/\/pertinente.com.br\/site\/wp-json\/wp\/v2\/tags?post=1190"}],"curies":[{"name":"wp","href":"https:\/\/api.w.org\/{rel}","templated":true}]}}