{"id":1206,"date":"2020-05-11T10:29:32","date_gmt":"2020-05-11T13:29:32","guid":{"rendered":"http:\/\/pertinente.com.br\/site\/2020\/05\/11\/bolsonaro-tem-semana-decisiva-em-investigacao-que-pode-levar-a-seu-afastamento-do-cargo\/"},"modified":"2020-05-11T10:29:32","modified_gmt":"2020-05-11T13:29:32","slug":"bolsonaro-tem-semana-decisiva-em-investigacao-que-pode-levar-a-seu-afastamento-do-cargo","status":"publish","type":"post","link":"https:\/\/pertinente.com.br\/site\/2020\/05\/11\/bolsonaro-tem-semana-decisiva-em-investigacao-que-pode-levar-a-seu-afastamento-do-cargo\/","title":{"rendered":"Bolsonaro tem semana decisiva em investiga\u00e7\u00e3o que pode levar a seu afastamento do cargo"},"content":{"rendered":"\n<figure class=\"wp-block-image size-large\"><img loading=\"lazy\" decoding=\"async\" width=\"768\" height=\"512\" src=\"http:\/\/pertinente.com.br\/site\/wp-content\/uploads\/2020\/05\/15887742555eb2c56fd5791_1588774255_3x2_md3168694144625099777.jpg\" alt=\"\" class=\"wp-image-1204\" srcset=\"https:\/\/pertinente.com.br\/site\/wp-content\/uploads\/2020\/05\/15887742555eb2c56fd5791_1588774255_3x2_md3168694144625099777.jpg 768w, https:\/\/pertinente.com.br\/site\/wp-content\/uploads\/2020\/05\/15887742555eb2c56fd5791_1588774255_3x2_md3168694144625099777-300x200.jpg 300w\" sizes=\"(max-width: 768px) 100vw, 768px\" \/><\/figure>\n\n\n\n<p>Folha &#8211; Esta semana ser\u00e1 decisiva para a PGR (Procuradoria-Geral da Rep\u00fablica) concluir se ir\u00e1 denunciar o\u00a0<a href=\"https:\/\/www1.folha.uol.com.br\/poder\/2020\/04\/bolsonaro-pode-ter-cometido-crimes-com-potencial-de-impeachment-apontam-especialistas.shtml\">presidente Jair Bolsonaro<\/a>\u00a0por corrup\u00e7\u00e3o passiva privilegiada, obstru\u00e7\u00e3o de Justi\u00e7a e advocacia administrativa por tentar\u00a0<a href=\"https:\/\/www1.folha.uol.com.br\/poder\/2019\/08\/apos-interferencia-deputados-articulam-pec-que-da-autonomia-a-pf.shtml\">interferir na autonomia da Pol\u00edcia Federal<\/a>.<\/p>\n\n\n\n<p>De segunda (11) a quinta-feira (14), tr\u00eas ministros de Estado, seis delegados e uma deputada federal devem prestar depoimento no inqu\u00e9rito que investiga a veracidade das acusa\u00e7\u00f5es do&nbsp;<a href=\"https:\/\/www1.folha.uol.com.br\/poder\/2020\/04\/sergio-moro-o-juiz-da-lava-jato-anuncia-sua-demissao-do-governo-bolsonaro.shtml\">ex-juiz da Lava Jato Sergio Moro contra o chefe do Executivo<\/a>.<\/p>\n\n\n\n<p>Al\u00e9m disso, o&nbsp;<a href=\"https:\/\/www1.folha.uol.com.br\/colunas\/monicabergamo\/2020\/05\/celso-de-mello-autoriza-moro-e-aras-a-verem-juntos-na-pf-a-integra-de-video-de-reuniao-ministerial.shtml\">ministro Celso de Mello<\/a>, do STF (Supremo Tribunal Federal), pode decidir nos pr\u00f3ximos dias sobre a publicidade do v\u00eddeo da reuni\u00e3o ministerial em que Bolsonaro teria amea\u00e7ado Moro de demiss\u00e3o caso n\u00e3o trocasse o diretor-geral da PF.<\/p>\n\n\n\n<p>Leia mais:<\/p>\n\n\n\n<p><a href=\"https:\/\/www1.folha.uol.com.br\/poder\/2020\/05\/bolsonaro-tem-semana-decisiva-em-investigacao-que-pode-levar-a-seu-afastamento-do-cargo.shtml\">https:\/\/www1.folha.uol.com.br\/poder\/2020\/05\/bolsonaro-tem-semana-decisiva-em-investigacao-que-pode-levar-a-seu-afastamento-do-cargo.shtml<\/a><\/p>\n","protected":false},"excerpt":{"rendered":"<p>Folha &#8211; Esta semana ser\u00e1 decisiva para a PGR (Procuradoria-Geral da Rep\u00fablica) concluir se ir\u00e1 denunciar o\u00a0presidente Jair Bolsonaro\u00a0por corrup\u00e7\u00e3o passiva privilegiada, obstru\u00e7\u00e3o de Justi\u00e7a e advocacia administrativa por tentar\u00a0interferir na autonomia da Pol\u00edcia Federal. De segunda (11) a quinta-feira (14), tr\u00eas&hellip;<\/p>\n","protected":false},"author":1,"featured_media":1205,"comment_status":"open","ping_status":"open","sticky":false,"template":"","format":"standard","meta":{"footnotes":""},"categories":[4],"tags":[420,218,179,366],"_links":{"self":[{"href":"https:\/\/pertinente.com.br\/site\/wp-json\/wp\/v2\/posts\/1206"}],"collection":[{"href":"https:\/\/pertinente.com.br\/site\/wp-json\/wp\/v2\/posts"}],"about":[{"href":"https:\/\/pertinente.com.br\/site\/wp-json\/wp\/v2\/types\/post"}],"author":[{"embeddable":true,"href":"https:\/\/pertinente.com.br\/site\/wp-json\/wp\/v2\/users\/1"}],"replies":[{"embeddable":true,"href":"https:\/\/pertinente.com.br\/site\/wp-json\/wp\/v2\/comments?post=1206"}],"version-history":[{"count":0,"href":"https:\/\/pertinente.com.br\/site\/wp-json\/wp\/v2\/posts\/1206\/revisions"}],"wp:featuredmedia":[{"embeddable":true,"href":"https:\/\/pertinente.com.br\/site\/wp-json\/wp\/v2\/media\/1205"}],"wp:attachment":[{"href":"https:\/\/pertinente.com.br\/site\/wp-json\/wp\/v2\/media?parent=1206"}],"wp:term":[{"taxonomy":"category","embeddable":true,"href":"https:\/\/pertinente.com.br\/site\/wp-json\/wp\/v2\/categories?post=1206"},{"taxonomy":"post_tag","embeddable":true,"href":"https:\/\/pertinente.com.br\/site\/wp-json\/wp\/v2\/tags?post=1206"}],"curies":[{"name":"wp","href":"https:\/\/api.w.org\/{rel}","templated":true}]}}