{"id":1209,"date":"2020-05-11T17:35:48","date_gmt":"2020-05-11T20:35:48","guid":{"rendered":"https:\/\/pertinente.com.br\/site\/2020\/05\/11\/organizador-de-manifestacao-bolsonarista-pega-covid-19-e-vai-para-uti\/"},"modified":"2020-05-11T17:35:48","modified_gmt":"2020-05-11T20:35:48","slug":"organizador-de-manifestacao-bolsonarista-pega-covid-19-e-vai-para-uti","status":"publish","type":"post","link":"https:\/\/pertinente.com.br\/site\/2020\/05\/11\/organizador-de-manifestacao-bolsonarista-pega-covid-19-e-vai-para-uti\/","title":{"rendered":"Organizador de manifesta\u00e7\u00e3o bolsonarista pega Covid-19 e vai para UTI"},"content":{"rendered":"\n<figure class=\"wp-block-image size-large\"><img loading=\"lazy\" decoding=\"async\" width=\"1024\" height=\"682\" src=\"https:\/\/pertinente.com.br\/site\/wp-content\/uploads\/2020\/05\/000_1qz0gy-16958172345849605108143283-1024x682.jpg\" alt=\"\" class=\"wp-image-1207\" srcset=\"https:\/\/pertinente.com.br\/site\/wp-content\/uploads\/2020\/05\/000_1qz0gy-16958172345849605108143283-1024x682.jpg 1024w, https:\/\/pertinente.com.br\/site\/wp-content\/uploads\/2020\/05\/000_1qz0gy-16958172345849605108143283-300x200.jpg 300w, https:\/\/pertinente.com.br\/site\/wp-content\/uploads\/2020\/05\/000_1qz0gy-16958172345849605108143283-768x512.jpg 768w, https:\/\/pertinente.com.br\/site\/wp-content\/uploads\/2020\/05\/000_1qz0gy-16958172345849605108143283-1536x1024.jpg 1536w, https:\/\/pertinente.com.br\/site\/wp-content\/uploads\/2020\/05\/000_1qz0gy-16958172345849605108143283.jpg 1763w\" sizes=\"(max-width: 1024px) 100vw, 1024px\" \/><figcaption>Bolsonaristas em manifesta\u00e7\u00e3o<\/figcaption><\/figure>\n\n\n\n<p>Um organizador de uma manifesta\u00e7\u00e3o bolsonarista que, dentre outras coisas, pede o fechamento do Congresso, do Supremo Tribunal Federal (STF) e uma interven\u00e7\u00e3o militar, contraiu o novo coronav\u00edrus e precisou ser internado em uma UTI. As informa\u00e7\u00f5es foram dadas por outro organizador da manifesta\u00e7\u00e3o, o militar da reserva Paulo Felipe, em depoimento ao site Congresso em Foco.<\/p>\n\n\n\n<p>O l\u00edder que contraiu coronav\u00edrus estava encarregado de levar 300 caminh\u00f5es para a manifesta\u00e7\u00e3o em Bras\u00edlia, no \u00faltimo final de semana.<\/p>\n\n\n\n<p>Questionado pelo site sobre a aus\u00eancia dos caminh\u00f5es, Paulo Felipe, que tamb\u00e9m \u00e9 um dos organizadores dos protestos, afirmou: &#8220;Eu n\u00e3o vou te dar muitas informa\u00e7\u00f5es porque o autor do comboio, o comandante do comboio est\u00e1 debilitado. Ele pegou covid-19, estava na UTI, estou aguardando ele me dar retorno sobre isso e ele \u00e9 que est\u00e1 no comando dessa opera\u00e7\u00e3o&#8221;.<\/p>\n\n\n\n<p>N\u00e3o h\u00e1 maiores informa\u00e7\u00f5es sobre o atual estado de sa\u00fade do organizador que est\u00e1 internado.<\/p>\n\n\n\n<p>Leia mais:<\/p>\n\n\n\n<p><a href=\"https:\/\/odia.ig.com.br\/brasil\/2020\/05\/5914263-organizador-de-manifestacao-bolsonarista-contra-o-stf-pega-covid-19-e-vai-para-uti.html\">https:\/\/odia.ig.com.br\/brasil\/2020\/05\/5914263-organizador-de-manifestacao-bolsonarista-contra-o-stf-pega-covid-19-e-vai-para-uti.html<\/a><\/p>\n","protected":false},"excerpt":{"rendered":"<p>Um organizador de uma manifesta\u00e7\u00e3o bolsonarista que, dentre outras coisas, pede o fechamento do Congresso, do Supremo Tribunal Federal (STF) e uma interven\u00e7\u00e3o militar, contraiu o novo coronav\u00edrus e precisou ser internado em uma UTI. As informa\u00e7\u00f5es foram dadas por outro organizador&hellip;<\/p>\n","protected":false},"author":1,"featured_media":1208,"comment_status":"open","ping_status":"open","sticky":false,"template":"","format":"standard","meta":{"footnotes":""},"categories":[4],"tags":[421,365,422],"_links":{"self":[{"href":"https:\/\/pertinente.com.br\/site\/wp-json\/wp\/v2\/posts\/1209"}],"collection":[{"href":"https:\/\/pertinente.com.br\/site\/wp-json\/wp\/v2\/posts"}],"about":[{"href":"https:\/\/pertinente.com.br\/site\/wp-json\/wp\/v2\/types\/post"}],"author":[{"embeddable":true,"href":"https:\/\/pertinente.com.br\/site\/wp-json\/wp\/v2\/users\/1"}],"replies":[{"embeddable":true,"href":"https:\/\/pertinente.com.br\/site\/wp-json\/wp\/v2\/comments?post=1209"}],"version-history":[{"count":0,"href":"https:\/\/pertinente.com.br\/site\/wp-json\/wp\/v2\/posts\/1209\/revisions"}],"wp:featuredmedia":[{"embeddable":true,"href":"https:\/\/pertinente.com.br\/site\/wp-json\/wp\/v2\/media\/1208"}],"wp:attachment":[{"href":"https:\/\/pertinente.com.br\/site\/wp-json\/wp\/v2\/media?parent=1209"}],"wp:term":[{"taxonomy":"category","embeddable":true,"href":"https:\/\/pertinente.com.br\/site\/wp-json\/wp\/v2\/categories?post=1209"},{"taxonomy":"post_tag","embeddable":true,"href":"https:\/\/pertinente.com.br\/site\/wp-json\/wp\/v2\/tags?post=1209"}],"curies":[{"name":"wp","href":"https:\/\/api.w.org\/{rel}","templated":true}]}}