{"id":1214,"date":"2020-05-12T20:15:27","date_gmt":"2020-05-12T23:15:27","guid":{"rendered":"https:\/\/pertinente.com.br\/site\/2020\/05\/12\/video-teria-revelado-que-bolsonaro-queria-mudar-comando-da-pf-para-blindar-familiares-e-amigos-contra-possiveis-investigacoes\/"},"modified":"2020-05-12T20:15:27","modified_gmt":"2020-05-12T23:15:27","slug":"video-teria-revelado-que-bolsonaro-queria-mudar-comando-da-pf-para-blindar-familiares-e-amigos-contra-possiveis-investigacoes","status":"publish","type":"post","link":"https:\/\/pertinente.com.br\/site\/2020\/05\/12\/video-teria-revelado-que-bolsonaro-queria-mudar-comando-da-pf-para-blindar-familiares-e-amigos-contra-possiveis-investigacoes\/","title":{"rendered":"V\u00eddeo teria revelado que Bolsonaro queria mudar comando da PF para blindar familiares e amigos contra poss\u00edveis investiga\u00e7\u00f5es"},"content":{"rendered":"\n<figure class=\"wp-block-image size-large\"><img loading=\"lazy\" decoding=\"async\" width=\"225\" height=\"130\" src=\"https:\/\/pertinente.com.br\/site\/wp-content\/uploads\/2020\/05\/wp-15893253231936462556190099387359.jpg\" alt=\"\" class=\"wp-image-1212\"\/><\/figure>\n\n\n\n<p class=\"texto\">Fontes dos jornais Folha de S. Paulo e O Globo afirmam que, durante reuni\u00e3o ministerial no dia 22 de abril, o presidente da Rep\u00fablica Jair Bolsonaro teria afirmado que a troca de cargo na Pol\u00edcia Federal seria para proteger familiares e amigos dele. As informa\u00e7\u00f5es seriam de pessoas que tiveram acesso ao v\u00eddeo da reuni\u00e3o, exibido nesta ter\u00e7a-feira, 12, no, no Instituto de Criminal\u00edstica da Pol\u00edcia Federal, em Bras\u00edlia.\u00a0<a href=\"https:\/\/www.opovo.com.br\/noticias\/politica\/2020\/04\/24\/moro-anuncia-saida-do-ministerio-da-justica-e-deixa-governo-bolsonaro.html\">Moro pediu demiss\u00e3o dois dias ap\u00f3s o encontro em quest\u00e3o.<\/a><\/p>\n\n\n\n<p class=\"texto\">Investigadores avaliaram que o conte\u00fado da grava\u00e7\u00e3o \u00e9 \u201cdevastador\u201d para o presidente e que ela \u201cescancara a preocupa\u00e7\u00e3o do presidente com um eventual cerco da Pol\u00edcia Federal a seus filhos&#8221;. As fontes dizem que Bolsonaro afirma que sua fam\u00edlia sofre persegui\u00e7\u00e3o no Rio de Janeiro e que, por isso, trocaria o chefe da superintend\u00eancia da PF no estado fluminense.<\/p>\n\n\n\n<p>Leia mais:<\/p>\n\n\n\n<p>https:\/\/www.opovo.com.br\/noticias\/politica\/2020\/05\/12\/video-bolsonaro-interferencia-policia-federal-moro-proteger-familiares.html<\/p>\n","protected":false},"excerpt":{"rendered":"<p>Fontes dos jornais Folha de S. Paulo e O Globo afirmam que, durante reuni\u00e3o ministerial no dia 22 de abril, o presidente da Rep\u00fablica Jair Bolsonaro teria afirmado que a troca de cargo na Pol\u00edcia Federal seria para proteger familiares e amigos&hellip;<\/p>\n","protected":false},"author":1,"featured_media":1213,"comment_status":"open","ping_status":"open","sticky":false,"template":"","format":"standard","meta":{"footnotes":""},"categories":[4],"tags":[218,99,424,423],"_links":{"self":[{"href":"https:\/\/pertinente.com.br\/site\/wp-json\/wp\/v2\/posts\/1214"}],"collection":[{"href":"https:\/\/pertinente.com.br\/site\/wp-json\/wp\/v2\/posts"}],"about":[{"href":"https:\/\/pertinente.com.br\/site\/wp-json\/wp\/v2\/types\/post"}],"author":[{"embeddable":true,"href":"https:\/\/pertinente.com.br\/site\/wp-json\/wp\/v2\/users\/1"}],"replies":[{"embeddable":true,"href":"https:\/\/pertinente.com.br\/site\/wp-json\/wp\/v2\/comments?post=1214"}],"version-history":[{"count":0,"href":"https:\/\/pertinente.com.br\/site\/wp-json\/wp\/v2\/posts\/1214\/revisions"}],"wp:featuredmedia":[{"embeddable":true,"href":"https:\/\/pertinente.com.br\/site\/wp-json\/wp\/v2\/media\/1213"}],"wp:attachment":[{"href":"https:\/\/pertinente.com.br\/site\/wp-json\/wp\/v2\/media?parent=1214"}],"wp:term":[{"taxonomy":"category","embeddable":true,"href":"https:\/\/pertinente.com.br\/site\/wp-json\/wp\/v2\/categories?post=1214"},{"taxonomy":"post_tag","embeddable":true,"href":"https:\/\/pertinente.com.br\/site\/wp-json\/wp\/v2\/tags?post=1214"}],"curies":[{"name":"wp","href":"https:\/\/api.w.org\/{rel}","templated":true}]}}