{"id":1217,"date":"2020-05-13T10:22:15","date_gmt":"2020-05-13T13:22:15","guid":{"rendered":"https:\/\/pertinente.com.br\/site\/2020\/05\/13\/em-video-bolsonaro-teria-dito-que-nao-divulgaria-exame-de-covid-19-por-medo-de-impeachment\/"},"modified":"2020-05-13T10:22:15","modified_gmt":"2020-05-13T13:22:15","slug":"em-video-bolsonaro-teria-dito-que-nao-divulgaria-exame-de-covid-19-por-medo-de-impeachment","status":"publish","type":"post","link":"https:\/\/pertinente.com.br\/site\/2020\/05\/13\/em-video-bolsonaro-teria-dito-que-nao-divulgaria-exame-de-covid-19-por-medo-de-impeachment\/","title":{"rendered":"Em v\u00eddeo, Bolsonaro teria dito que n\u00e3o divulgaria exame de COVID-19 por medo de impeachment"},"content":{"rendered":"\n<figure class=\"wp-block-image size-large\"><img loading=\"lazy\" decoding=\"async\" width=\"620\" height=\"372\" src=\"https:\/\/pertinente.com.br\/site\/wp-content\/uploads\/2020\/05\/20200512192236558942i7971652098894515220.jpg\" alt=\"\" class=\"wp-image-1215\" srcset=\"https:\/\/pertinente.com.br\/site\/wp-content\/uploads\/2020\/05\/20200512192236558942i7971652098894515220.jpg 620w, https:\/\/pertinente.com.br\/site\/wp-content\/uploads\/2020\/05\/20200512192236558942i7971652098894515220-300x180.jpg 300w\" sizes=\"(max-width: 620px) 100vw, 620px\" \/><figcaption>Presidente teria se referido a teste como &#8220;porcaria&#8221;<\/figcaption><\/figure>\n\n\n\n<p>Na reuni\u00e3o ministerial de 22 de abril, o presidente\u00a0<strong>Jair Bolsonaro<\/strong>\u00a0teria afirmado que n\u00e3o divulgaria a \u201c<strong>porcaria<\/strong>\u201d do\u00a0<strong>exame de COVID-19<\/strong>\u00a0por medo de um processo de impeachment. A informa\u00e7\u00e3o foi divulgada pelo jornalista\u00a0<strong>Fausto Macedo<\/strong>, do jornal\u00a0<em>O Estado de S\u00e3o Paulo<\/em>, com base em relatos de fontes que acompanharam a exibi\u00e7\u00e3o do v\u00eddeo, na manh\u00e3 desta ter\u00e7a-feira.<\/p>\n\n\n\n<p>Leia mais:<\/p>\n\n\n\n<p><a href=\"https:\/\/www.em.com.br\/app\/noticia\/politica\/2020\/05\/12\/interna_politica,1146693\/bolsonaro-diz-em-video-que-nao-divulga-exame-de-covid-por-impeachment.shtml\">https:\/\/www.em.com.br\/app\/noticia\/politica\/2020\/05\/12\/interna_politica,1146693\/bolsonaro-diz-em-video-que-nao-divulga-exame-de-covid-por-impeachment.shtml<\/a><\/p>\n","protected":false},"excerpt":{"rendered":"<p>Na reuni\u00e3o ministerial de 22 de abril, o presidente\u00a0Jair Bolsonaro\u00a0teria afirmado que n\u00e3o divulgaria a \u201cporcaria\u201d do\u00a0exame de COVID-19\u00a0por medo de um processo de impeachment. A informa\u00e7\u00e3o foi divulgada pelo jornalista\u00a0Fausto Macedo, do jornal\u00a0O Estado de S\u00e3o Paulo, com base em relatos&hellip;<\/p>\n","protected":false},"author":1,"featured_media":1216,"comment_status":"open","ping_status":"open","sticky":false,"template":"","format":"standard","meta":{"footnotes":""},"categories":[4],"tags":[218,365,425,9],"_links":{"self":[{"href":"https:\/\/pertinente.com.br\/site\/wp-json\/wp\/v2\/posts\/1217"}],"collection":[{"href":"https:\/\/pertinente.com.br\/site\/wp-json\/wp\/v2\/posts"}],"about":[{"href":"https:\/\/pertinente.com.br\/site\/wp-json\/wp\/v2\/types\/post"}],"author":[{"embeddable":true,"href":"https:\/\/pertinente.com.br\/site\/wp-json\/wp\/v2\/users\/1"}],"replies":[{"embeddable":true,"href":"https:\/\/pertinente.com.br\/site\/wp-json\/wp\/v2\/comments?post=1217"}],"version-history":[{"count":0,"href":"https:\/\/pertinente.com.br\/site\/wp-json\/wp\/v2\/posts\/1217\/revisions"}],"wp:featuredmedia":[{"embeddable":true,"href":"https:\/\/pertinente.com.br\/site\/wp-json\/wp\/v2\/media\/1216"}],"wp:attachment":[{"href":"https:\/\/pertinente.com.br\/site\/wp-json\/wp\/v2\/media?parent=1217"}],"wp:term":[{"taxonomy":"category","embeddable":true,"href":"https:\/\/pertinente.com.br\/site\/wp-json\/wp\/v2\/categories?post=1217"},{"taxonomy":"post_tag","embeddable":true,"href":"https:\/\/pertinente.com.br\/site\/wp-json\/wp\/v2\/tags?post=1217"}],"curies":[{"name":"wp","href":"https:\/\/api.w.org\/{rel}","templated":true}]}}