{"id":1220,"date":"2020-05-14T09:31:36","date_gmt":"2020-05-14T12:31:36","guid":{"rendered":"http:\/\/pertinente.com.br\/site\/2020\/05\/14\/bolsonaro-publica-mp-que-isenta-a-si-mesmo-de-erros-cometidos-durante-pandemia\/"},"modified":"2020-05-14T09:31:36","modified_gmt":"2020-05-14T12:31:36","slug":"bolsonaro-publica-mp-que-isenta-a-si-mesmo-de-erros-cometidos-durante-pandemia","status":"publish","type":"post","link":"https:\/\/pertinente.com.br\/site\/2020\/05\/14\/bolsonaro-publica-mp-que-isenta-a-si-mesmo-de-erros-cometidos-durante-pandemia\/","title":{"rendered":"Bolsonaro publica MP que isenta a si mesmo de erros cometidos durante pandemia"},"content":{"rendered":"\n<figure class=\"wp-block-image size-large\"><img loading=\"lazy\" decoding=\"async\" width=\"400\" height=\"300\" src=\"http:\/\/pertinente.com.br\/site\/wp-content\/uploads\/2020\/05\/image-28873451612605762199..jpg\" alt=\"\" class=\"wp-image-1218\" srcset=\"https:\/\/pertinente.com.br\/site\/wp-content\/uploads\/2020\/05\/image-28873451612605762199..jpg 400w, https:\/\/pertinente.com.br\/site\/wp-content\/uploads\/2020\/05\/image-28873451612605762199.-300x225.jpg 300w\" sizes=\"(max-width: 400px) 100vw, 400px\" \/><figcaption>Brasil registrou 749 novas mortes pela Covid-19 nessa quarta-feira, 13; total sobe para 13.149 \u00f3bitos<\/figcaption><\/figure>\n\n\n\n<p>DN &#8211; A medida \u00e9 uma blindagem para que agentes p\u00fablicos &#8211; o que inclui o pr\u00f3prio presidente e ministros &#8211; n\u00e3o possam ser futuramente responsabilizados por irregularidades.<\/p>\n\n\n\n<p>O presidente Jair Bolsonaro publicou Medida Provis\u00f3ria nesta quinta-feira, 14, em que isenta de responsabilidade agentes p\u00fablicos que cometerem erros durante o enfrentamento da pandemia de\u00a0<a href=\"https:\/\/diariodonordeste.verdesmares.com.br\/coronavirus\">coronav\u00edrus<\/a>\u00a0ou de seus efeitos na economia do Pa\u00eds. A medida, publicada no Di\u00e1rio Oficial da Uni\u00e3o, se restringe \u00e0s esferas civil e administrativa e diz que s\u00f3 haver\u00e1 puni\u00e7\u00e3o no caso de &#8220;agirem ou se omitirem com dolo ou erro grosseiro&#8221;.<\/p>\n\n\n\n<p>Leia mais:<\/p>\n\n\n\n<p><a href=\"https:\/\/diariodonordeste.verdesmares.com.br\/editorias\/politica\/online\/bolsonaro-publica-mp-que-isenta-agente-publico-de-erro-cometido-durante-pandemia-1.2245436\">https:\/\/diariodonordeste.verdesmares.com.br\/editorias\/politica\/online\/bolsonaro-publica-mp-que-isenta-agente-publico-de-erro-cometido-durante-pandemia-1.2245436<\/a><\/p>\n","protected":false},"excerpt":{"rendered":"<p>DN &#8211; A medida \u00e9 uma blindagem para que agentes p\u00fablicos &#8211; o que inclui o pr\u00f3prio presidente e ministros &#8211; n\u00e3o possam ser futuramente responsabilizados por irregularidades. O presidente Jair Bolsonaro publicou Medida Provis\u00f3ria nesta quinta-feira, 14, em que isenta de&hellip;<\/p>\n","protected":false},"author":1,"featured_media":1219,"comment_status":"open","ping_status":"open","sticky":false,"template":"","format":"standard","meta":{"footnotes":""},"categories":[4],"tags":[427,218,426],"_links":{"self":[{"href":"https:\/\/pertinente.com.br\/site\/wp-json\/wp\/v2\/posts\/1220"}],"collection":[{"href":"https:\/\/pertinente.com.br\/site\/wp-json\/wp\/v2\/posts"}],"about":[{"href":"https:\/\/pertinente.com.br\/site\/wp-json\/wp\/v2\/types\/post"}],"author":[{"embeddable":true,"href":"https:\/\/pertinente.com.br\/site\/wp-json\/wp\/v2\/users\/1"}],"replies":[{"embeddable":true,"href":"https:\/\/pertinente.com.br\/site\/wp-json\/wp\/v2\/comments?post=1220"}],"version-history":[{"count":0,"href":"https:\/\/pertinente.com.br\/site\/wp-json\/wp\/v2\/posts\/1220\/revisions"}],"wp:featuredmedia":[{"embeddable":true,"href":"https:\/\/pertinente.com.br\/site\/wp-json\/wp\/v2\/media\/1219"}],"wp:attachment":[{"href":"https:\/\/pertinente.com.br\/site\/wp-json\/wp\/v2\/media?parent=1220"}],"wp:term":[{"taxonomy":"category","embeddable":true,"href":"https:\/\/pertinente.com.br\/site\/wp-json\/wp\/v2\/categories?post=1220"},{"taxonomy":"post_tag","embeddable":true,"href":"https:\/\/pertinente.com.br\/site\/wp-json\/wp\/v2\/tags?post=1220"}],"curies":[{"name":"wp","href":"https:\/\/api.w.org\/{rel}","templated":true}]}}