{"id":1223,"date":"2020-05-14T14:55:36","date_gmt":"2020-05-14T17:55:36","guid":{"rendered":"https:\/\/pertinente.com.br\/site\/2020\/05\/14\/no-rio-19-familiares-de-bolsonaro-estao-sob-investigacao-do-ministerio-publico\/"},"modified":"2020-05-14T14:55:36","modified_gmt":"2020-05-14T17:55:36","slug":"no-rio-19-familiares-de-bolsonaro-estao-sob-investigacao-do-ministerio-publico","status":"publish","type":"post","link":"https:\/\/pertinente.com.br\/site\/2020\/05\/14\/no-rio-19-familiares-de-bolsonaro-estao-sob-investigacao-do-ministerio-publico\/","title":{"rendered":"No Rio, 19 familiares de Bolsonaro est\u00e3o sob investiga\u00e7\u00e3o do Minist\u00e9rio P\u00fablico"},"content":{"rendered":"\n<figure class=\"wp-block-image size-large\"><img loading=\"lazy\" decoding=\"async\" width=\"1024\" height=\"615\" src=\"https:\/\/pertinente.com.br\/site\/wp-content\/uploads\/2020\/05\/x79116746_ri-itatiaia-rj-29-09-2018-ana-cristina-siqueira-valle-ex-mulher-de-jair-bolsonaro-falou6438208962223645251-1024x615.jpg\" alt=\"\" class=\"wp-image-1221\" srcset=\"https:\/\/pertinente.com.br\/site\/wp-content\/uploads\/2020\/05\/x79116746_ri-itatiaia-rj-29-09-2018-ana-cristina-siqueira-valle-ex-mulher-de-jair-bolsonaro-falou6438208962223645251-1024x615.jpg 1024w, https:\/\/pertinente.com.br\/site\/wp-content\/uploads\/2020\/05\/x79116746_ri-itatiaia-rj-29-09-2018-ana-cristina-siqueira-valle-ex-mulher-de-jair-bolsonaro-falou6438208962223645251-300x180.jpg 300w, https:\/\/pertinente.com.br\/site\/wp-content\/uploads\/2020\/05\/x79116746_ri-itatiaia-rj-29-09-2018-ana-cristina-siqueira-valle-ex-mulher-de-jair-bolsonaro-falou6438208962223645251-768x461.jpg 768w, https:\/\/pertinente.com.br\/site\/wp-content\/uploads\/2020\/05\/x79116746_ri-itatiaia-rj-29-09-2018-ana-cristina-siqueira-valle-ex-mulher-de-jair-bolsonaro-falou6438208962223645251.jpg 1086w\" sizes=\"(max-width: 1024px) 100vw, 1024px\" \/><figcaption>Ana Cristina Valle ex-esposa de Bolsonaro, em 2018, em ato a favor do agora presidente.<\/figcaption><\/figure>\n\n\n\n<p>Conforme O Globo, No v\u00eddeo gravado a partir da reuni\u00e3o do conselho de ministros em dia 22 de abril, o presidente\u00a0<strong>Jair Bolsonaro\u00a0<\/strong>teria defendido trocas no comando da\u00a0<strong>Pol\u00edcia Federal<\/strong>\u00a0do Rio para tentar evitar que familiares e amigos seus fossem &#8220;prejudicados&#8221; em investiga\u00e7\u00f5es em curso. Mas quantos familiares de Bolsonaro, al\u00e9m dos filhos Carlos e Fl\u00e1vio, s\u00e3o investigados no Rio?<\/p>\n\n\n\n<p>Leia mais:<\/p>\n\n\n\n<p><a href=\"https:\/\/oglobo.globo.com\/brasil\/no-rio-19-familiares-de-bolsonaro-estao-sob-investigacao-do-ministerio-publico-24426093\">https:\/\/oglobo.globo.com\/brasil\/no-rio-19-familiares-de-bolsonaro-estao-sob-investigacao-do-ministerio-publico-24426093<\/a><\/p>\n","protected":false},"excerpt":{"rendered":"<p>Conforme O Globo, No v\u00eddeo gravado a partir da reuni\u00e3o do conselho de ministros em dia 22 de abril, o presidente\u00a0Jair Bolsonaro\u00a0teria defendido trocas no comando da\u00a0Pol\u00edcia Federal\u00a0do Rio para tentar evitar que familiares e amigos seus fossem &#8220;prejudicados&#8221; em investiga\u00e7\u00f5es em&hellip;<\/p>\n","protected":false},"author":1,"featured_media":1222,"comment_status":"open","ping_status":"open","sticky":false,"template":"","format":"standard","meta":{"footnotes":""},"categories":[4],"tags":[218,428,429],"_links":{"self":[{"href":"https:\/\/pertinente.com.br\/site\/wp-json\/wp\/v2\/posts\/1223"}],"collection":[{"href":"https:\/\/pertinente.com.br\/site\/wp-json\/wp\/v2\/posts"}],"about":[{"href":"https:\/\/pertinente.com.br\/site\/wp-json\/wp\/v2\/types\/post"}],"author":[{"embeddable":true,"href":"https:\/\/pertinente.com.br\/site\/wp-json\/wp\/v2\/users\/1"}],"replies":[{"embeddable":true,"href":"https:\/\/pertinente.com.br\/site\/wp-json\/wp\/v2\/comments?post=1223"}],"version-history":[{"count":0,"href":"https:\/\/pertinente.com.br\/site\/wp-json\/wp\/v2\/posts\/1223\/revisions"}],"wp:featuredmedia":[{"embeddable":true,"href":"https:\/\/pertinente.com.br\/site\/wp-json\/wp\/v2\/media\/1222"}],"wp:attachment":[{"href":"https:\/\/pertinente.com.br\/site\/wp-json\/wp\/v2\/media?parent=1223"}],"wp:term":[{"taxonomy":"category","embeddable":true,"href":"https:\/\/pertinente.com.br\/site\/wp-json\/wp\/v2\/categories?post=1223"},{"taxonomy":"post_tag","embeddable":true,"href":"https:\/\/pertinente.com.br\/site\/wp-json\/wp\/v2\/tags?post=1223"}],"curies":[{"name":"wp","href":"https:\/\/api.w.org\/{rel}","templated":true}]}}