{"id":1227,"date":"2020-05-14T21:05:55","date_gmt":"2020-05-15T00:05:55","guid":{"rendered":"http:\/\/pertinente.com.br\/site\/2020\/05\/14\/deputada-zambelli-disse-bolsonaro-vai-cair-se-o-senhor-sair-a-moro-antes-de-sua-saida\/"},"modified":"2020-05-14T21:05:55","modified_gmt":"2020-05-15T00:05:55","slug":"deputada-zambelli-disse-bolsonaro-vai-cair-se-o-senhor-sair-a-moro-antes-de-sua-saida","status":"publish","type":"post","link":"https:\/\/pertinente.com.br\/site\/2020\/05\/14\/deputada-zambelli-disse-bolsonaro-vai-cair-se-o-senhor-sair-a-moro-antes-de-sua-saida\/","title":{"rendered":"Deputada Zambelli disse &#8216;Bolsonaro vai cair se o senhor sair&#8217;, a Moro antes de sua sa\u00edda"},"content":{"rendered":"\n<p><br><\/p>\n\n\n\n<figure class=\"wp-block-image size-large\"><img loading=\"lazy\" decoding=\"async\" width=\"300\" height=\"168\" src=\"http:\/\/pertinente.com.br\/site\/wp-content\/uploads\/2020\/05\/images-946409500058590198523..jpg\" alt=\"\" class=\"wp-image-1225\"\/><\/figure>\n\n\n\n<p>Folha &#8211; A deputada federal Carla Zambelli (PSL-SP) fez um apelo ao ent\u00e3o ministro Sergio Moro no dia 23 de abril, um dia antes do ex-juiz anunciar sua\u00a0<a href=\"https:\/\/www1.folha.uol.com.br\/poder\/2020\/04\/bolsonaro-avisa-moro-que-vai-trocar-diretor-geral-da-policia-federal.shtml\">demiss\u00e3o do Minist\u00e9rio da Justi\u00e7a\u00a0<\/a>e Seguran\u00e7a P\u00fablica. Segundo a deputada, o presidente Jair &#8220;Bolsonaro vai cair se o senhor [Moro] sair&#8221;. Ela ainda falou em nome do presidente em conversas com Moro.<\/p>\n\n\n\n<p>As declara\u00e7\u00f5es est\u00e3o em troca de mensagens entre Moro e Zambelli que foram divulgadas pela GloboNews. As mensagens est\u00e3o no inqu\u00e9rito que apura se Bolsonaro tentou interferir na Pol\u00edcia Federal.<\/p>\n\n\n\n<p>Leia mais:<\/p>\n\n\n\n<p><a href=\"https:\/\/www1.folha.uol.com.br\/poder\/2020\/05\/bolsonaro-vai-cair-se-o-senhor-sair-disse-zambelli-a-moro-antes-de-saida.shtml\">https:\/\/www1.folha.uol.com.br\/poder\/2020\/05\/bolsonaro-vai-cair-se-o-senhor-sair-disse-zambelli-a-moro-antes-de-saida.shtml<\/a><\/p>\n","protected":false},"excerpt":{"rendered":"<p>Folha &#8211; A deputada federal Carla Zambelli (PSL-SP) fez um apelo ao ent\u00e3o ministro Sergio Moro no dia 23 de abril, um dia antes do ex-juiz anunciar sua\u00a0demiss\u00e3o do Minist\u00e9rio da Justi\u00e7a\u00a0e Seguran\u00e7a P\u00fablica. Segundo a deputada, o presidente Jair &#8220;Bolsonaro vai&hellip;<\/p>\n","protected":false},"author":1,"featured_media":1226,"comment_status":"open","ping_status":"open","sticky":false,"template":"","format":"standard","meta":{"footnotes":""},"categories":[4],"tags":[218,431,21,430],"_links":{"self":[{"href":"https:\/\/pertinente.com.br\/site\/wp-json\/wp\/v2\/posts\/1227"}],"collection":[{"href":"https:\/\/pertinente.com.br\/site\/wp-json\/wp\/v2\/posts"}],"about":[{"href":"https:\/\/pertinente.com.br\/site\/wp-json\/wp\/v2\/types\/post"}],"author":[{"embeddable":true,"href":"https:\/\/pertinente.com.br\/site\/wp-json\/wp\/v2\/users\/1"}],"replies":[{"embeddable":true,"href":"https:\/\/pertinente.com.br\/site\/wp-json\/wp\/v2\/comments?post=1227"}],"version-history":[{"count":0,"href":"https:\/\/pertinente.com.br\/site\/wp-json\/wp\/v2\/posts\/1227\/revisions"}],"wp:featuredmedia":[{"embeddable":true,"href":"https:\/\/pertinente.com.br\/site\/wp-json\/wp\/v2\/media\/1226"}],"wp:attachment":[{"href":"https:\/\/pertinente.com.br\/site\/wp-json\/wp\/v2\/media?parent=1227"}],"wp:term":[{"taxonomy":"category","embeddable":true,"href":"https:\/\/pertinente.com.br\/site\/wp-json\/wp\/v2\/categories?post=1227"},{"taxonomy":"post_tag","embeddable":true,"href":"https:\/\/pertinente.com.br\/site\/wp-json\/wp\/v2\/tags?post=1227"}],"curies":[{"name":"wp","href":"https:\/\/api.w.org\/{rel}","templated":true}]}}