{"id":1230,"date":"2020-05-14T21:35:43","date_gmt":"2020-05-15T00:35:43","guid":{"rendered":"https:\/\/pertinente.com.br\/site\/2020\/05\/14\/brasil-atinge-a-marca-de-14-mil-mortes-e-203-mil-casos-confirmados-de-novo-coronavirus-conforme-ministerio-da-saude\/"},"modified":"2020-05-14T21:35:43","modified_gmt":"2020-05-15T00:35:43","slug":"brasil-atinge-a-marca-de-14-mil-mortes-e-203-mil-casos-confirmados-de-novo-coronavirus-conforme-ministerio-da-saude","status":"publish","type":"post","link":"https:\/\/pertinente.com.br\/site\/2020\/05\/14\/brasil-atinge-a-marca-de-14-mil-mortes-e-203-mil-casos-confirmados-de-novo-coronavirus-conforme-ministerio-da-saude\/","title":{"rendered":"Brasil atinge a marca de 14 mil mortes e 203 mil casos confirmados de novo coronav\u00edrus, conforme Minist\u00e9rio da Sa\u00fade"},"content":{"rendered":"\n<figure class=\"wp-block-image size-large\"><img loading=\"lazy\" decoding=\"async\" width=\"800\" height=\"384\" src=\"https:\/\/pertinente.com.br\/site\/wp-content\/uploads\/2020\/05\/image_processing20200409-13381-e1ojfi4545687690101475396.jpeg\" alt=\"\" class=\"wp-image-1228\" srcset=\"https:\/\/pertinente.com.br\/site\/wp-content\/uploads\/2020\/05\/image_processing20200409-13381-e1ojfi4545687690101475396.jpeg 800w, https:\/\/pertinente.com.br\/site\/wp-content\/uploads\/2020\/05\/image_processing20200409-13381-e1ojfi4545687690101475396-300x144.jpeg 300w, https:\/\/pertinente.com.br\/site\/wp-content\/uploads\/2020\/05\/image_processing20200409-13381-e1ojfi4545687690101475396-768x369.jpeg 768w\" sizes=\"(max-width: 800px) 100vw, 800px\" \/><\/figure>\n\n\n\n<p class=\"content-text__container\">O Minist\u00e9rio da Sa\u00fade divulgou nesta quinta-feira (14 de maio) o mais recente balan\u00e7o dos casos de novo coronav\u00edrus no Brasil.<\/p>\n\n\n\n<p class=\"content-text__container\">Os principais dados s\u00e3o:<\/p>\n\n\n\n<ul class=\"content-unordered-list\"><li><strong>13.993 mortes.<\/strong><\/li><li>Foram<strong>\u00a0mais 844 novos\u00a0<\/strong>registros de mortes em 24 horas<\/li><li><strong>202.918 casos confirmados.<\/strong><\/li><li>Foram 13.944 casos inclu\u00eddos no balan\u00e7o em 24 horas.<\/li><li>S\u00e3o Paulo registra\u00a0<strong>54.268 casos e 4.315 mortes.<\/strong><\/li><\/ul>\n\n\n\n<p>Leia mais:<\/p>\n\n\n\n<p><a href=\"https:\/\/g1.globo.com\/bemestar\/coronavirus\/noticia\/2020\/05\/14\/brasil-tem-13993-mortes-causadas-pelo-novo-coronavirus-diz-ministerio.ghtml\">https:\/\/g1.globo.com\/bemestar\/coronavirus\/noticia\/2020\/05\/14\/brasil-tem-13993-mortes-causadas-pelo-novo-coronavirus-diz-ministerio.ghtml<\/a><\/p>\n","protected":false},"excerpt":{"rendered":"<p>O Minist\u00e9rio da Sa\u00fade divulgou nesta quinta-feira (14 de maio) o mais recente balan\u00e7o dos casos de novo coronav\u00edrus no Brasil. Os principais dados s\u00e3o: 13.993 mortes. Foram\u00a0mais 844 novos\u00a0registros de mortes em 24 horas 202.918 casos confirmados. Foram 13.944 casos inclu\u00eddos&hellip;<\/p>\n","protected":false},"author":1,"featured_media":1229,"comment_status":"open","ping_status":"open","sticky":false,"template":"","format":"standard","meta":{"footnotes":""},"categories":[4],"tags":[14,365,432],"_links":{"self":[{"href":"https:\/\/pertinente.com.br\/site\/wp-json\/wp\/v2\/posts\/1230"}],"collection":[{"href":"https:\/\/pertinente.com.br\/site\/wp-json\/wp\/v2\/posts"}],"about":[{"href":"https:\/\/pertinente.com.br\/site\/wp-json\/wp\/v2\/types\/post"}],"author":[{"embeddable":true,"href":"https:\/\/pertinente.com.br\/site\/wp-json\/wp\/v2\/users\/1"}],"replies":[{"embeddable":true,"href":"https:\/\/pertinente.com.br\/site\/wp-json\/wp\/v2\/comments?post=1230"}],"version-history":[{"count":0,"href":"https:\/\/pertinente.com.br\/site\/wp-json\/wp\/v2\/posts\/1230\/revisions"}],"wp:featuredmedia":[{"embeddable":true,"href":"https:\/\/pertinente.com.br\/site\/wp-json\/wp\/v2\/media\/1229"}],"wp:attachment":[{"href":"https:\/\/pertinente.com.br\/site\/wp-json\/wp\/v2\/media?parent=1230"}],"wp:term":[{"taxonomy":"category","embeddable":true,"href":"https:\/\/pertinente.com.br\/site\/wp-json\/wp\/v2\/categories?post=1230"},{"taxonomy":"post_tag","embeddable":true,"href":"https:\/\/pertinente.com.br\/site\/wp-json\/wp\/v2\/tags?post=1230"}],"curies":[{"name":"wp","href":"https:\/\/api.w.org\/{rel}","templated":true}]}}