{"id":1242,"date":"2020-05-17T20:42:08","date_gmt":"2020-05-17T23:42:08","guid":{"rendered":"http:\/\/pertinente.com.br\/site\/2020\/05\/17\/brasil-ja-tem-mais-de-240-mil-infectados-e-16-mil-mortes-pela-covid-19\/"},"modified":"2020-05-17T20:42:08","modified_gmt":"2020-05-17T23:42:08","slug":"brasil-ja-tem-mais-de-240-mil-infectados-e-16-mil-mortes-pela-covid-19","status":"publish","type":"post","link":"https:\/\/pertinente.com.br\/site\/2020\/05\/17\/brasil-ja-tem-mais-de-240-mil-infectados-e-16-mil-mortes-pela-covid-19\/","title":{"rendered":"Brasil j\u00e1 tem mais de 240 mil infectados e 16 mil mortes pela Covid-19"},"content":{"rendered":"\n<figure class=\"wp-block-image size-large\"><img loading=\"lazy\" decoding=\"async\" width=\"768\" height=\"512\" src=\"http:\/\/pertinente.com.br\/site\/wp-content\/uploads\/2020\/05\/15851858805e7c045888914_1585185880_3x2_md1120170217444237158.jpg\" alt=\"\" class=\"wp-image-1240\" srcset=\"https:\/\/pertinente.com.br\/site\/wp-content\/uploads\/2020\/05\/15851858805e7c045888914_1585185880_3x2_md1120170217444237158.jpg 768w, https:\/\/pertinente.com.br\/site\/wp-content\/uploads\/2020\/05\/15851858805e7c045888914_1585185880_3x2_md1120170217444237158-300x200.jpg 300w\" sizes=\"(max-width: 768px) 100vw, 768px\" \/><\/figure>\n\n\n\n<p>Folha &#8211; Ap\u00f3s ultrapassar o n\u00famero total de casos confirmados da Covid-19 de Fran\u00e7a e Espanha, o Brasil, neste domingo (17), registrou 7.938 novos casos da doen\u00e7a, chegando a 241.080 pessoas com diagn\u00f3stico confirmado. Tamb\u00e9m foram documentadas 485 novas mortes pela Covid-19 no pa\u00eds, acumulando 16.118 vidas perdidas.<\/p>\n\n\n\n<p><a href=\"https:\/\/www1.folha.uol.com.br\/equilibrioesaude\/2020\/05\/com-816-novos-obitos-brasil-supera-15-mil-mortes-e-passa-italia-e-espanha-em-casos-de-coronavirus.shtml\">No s\u00e1bado, o Brasil havia registrado 14.919 novas confirma\u00e7\u00f5es de infec\u00e7\u00e3o e 816 novas mortes<\/a>, levando o total oficial a 233.142 casos confirmados e 15.633 mortes desde o in\u00edcio da pandemia no pa\u00eds, em fevereiro. Domingos e segunda-feiras costumam ser marcados por um menor n\u00famero de casos, pois os registros s\u00e3o mais lentos no final de semana.<\/p>\n\n\n\n<p>O pa\u00eds n\u00e3o tem conseguido manter as taxas de isolamento social que, no come\u00e7o da pandemia, ajudaram a evitar uma explos\u00e3o de casos, segundo especialistas.\u00a0<\/p>\n\n\n\n<p><a href=\"https:\/\/www1.folha.uol.com.br\/poder\/2020\/05\/bolsonaro-provoca-nova-aglomeracao-diz-que-brasil-saira-mais-forte-da-pandemia-e-fala-em-resgate-de-valores.shtml\">Neste domingo, o presidente Jair Bolsonaro (sem partido) voltou a participar de um ato com aglomera\u00e7\u00e3o em Bras\u00edlia<\/a>. Tem sido constante o apoio de Bolsonaro a tais manifesta\u00e7\u00f5es, ignorando o risco de contamina\u00e7\u00e3o das pessoas ali presentes.<\/p>\n\n\n\n<p>Leia mais:<\/p>\n\n\n\n<p><a href=\"https:\/\/www1.folha.uol.com.br\/equilibrioesaude\/2020\/05\/brasil-ultrapassa-240-mil-infectados-e-16-mil-mortes-pela-covid-19.shtml\">https:\/\/www1.folha.uol.com.br\/equilibrioesaude\/2020\/05\/brasil-ultrapassa-240-mil-infectados-e-16-mil-mortes-pela-covid-19.shtml<\/a><\/p>\n","protected":false},"excerpt":{"rendered":"<p>Folha &#8211; Ap\u00f3s ultrapassar o n\u00famero total de casos confirmados da Covid-19 de Fran\u00e7a e Espanha, o Brasil, neste domingo (17), registrou 7.938 novos casos da doen\u00e7a, chegando a 241.080 pessoas com diagn\u00f3stico confirmado. Tamb\u00e9m foram documentadas 485 novas mortes pela Covid-19&hellip;<\/p>\n","protected":false},"author":1,"featured_media":1241,"comment_status":"open","ping_status":"open","sticky":false,"template":"","format":"standard","meta":{"footnotes":""},"categories":[4],"tags":[14,365],"_links":{"self":[{"href":"https:\/\/pertinente.com.br\/site\/wp-json\/wp\/v2\/posts\/1242"}],"collection":[{"href":"https:\/\/pertinente.com.br\/site\/wp-json\/wp\/v2\/posts"}],"about":[{"href":"https:\/\/pertinente.com.br\/site\/wp-json\/wp\/v2\/types\/post"}],"author":[{"embeddable":true,"href":"https:\/\/pertinente.com.br\/site\/wp-json\/wp\/v2\/users\/1"}],"replies":[{"embeddable":true,"href":"https:\/\/pertinente.com.br\/site\/wp-json\/wp\/v2\/comments?post=1242"}],"version-history":[{"count":0,"href":"https:\/\/pertinente.com.br\/site\/wp-json\/wp\/v2\/posts\/1242\/revisions"}],"wp:featuredmedia":[{"embeddable":true,"href":"https:\/\/pertinente.com.br\/site\/wp-json\/wp\/v2\/media\/1241"}],"wp:attachment":[{"href":"https:\/\/pertinente.com.br\/site\/wp-json\/wp\/v2\/media?parent=1242"}],"wp:term":[{"taxonomy":"category","embeddable":true,"href":"https:\/\/pertinente.com.br\/site\/wp-json\/wp\/v2\/categories?post=1242"},{"taxonomy":"post_tag","embeddable":true,"href":"https:\/\/pertinente.com.br\/site\/wp-json\/wp\/v2\/tags?post=1242"}],"curies":[{"name":"wp","href":"https:\/\/api.w.org\/{rel}","templated":true}]}}