{"id":1247,"date":"2020-05-19T14:00:36","date_gmt":"2020-05-19T17:00:36","guid":{"rendered":"http:\/\/pertinente.com.br\/site\/?p=1247"},"modified":"2020-05-19T14:08:05","modified_gmt":"2020-05-19T17:08:05","slug":"flavio-bolsonaro-repassou-r-500-mil-do-fundo-publico-a-advogado-investigado-no-caso-queiroz","status":"publish","type":"post","link":"https:\/\/pertinente.com.br\/site\/2020\/05\/19\/flavio-bolsonaro-repassou-r-500-mil-do-fundo-publico-a-advogado-investigado-no-caso-queiroz\/","title":{"rendered":"Fl\u00e1vio Bolsonaro repassou R$ 500 mil do fundo p\u00fablico a advogado investigado no caso Queiroz"},"content":{"rendered":"\n<figure class=\"wp-block-image size-large\"><img loading=\"lazy\" decoding=\"async\" width=\"1024\" height=\"615\" src=\"https:\/\/pertinente.com.br\/site\/wp-content\/uploads\/2020\/05\/xqueiroz-bolsonaro.jpg.png.pagespeed.ic_.NJ7W42ZFDy-1024x615.jpg\" alt=\"\" class=\"wp-image-1248\" srcset=\"https:\/\/pertinente.com.br\/site\/wp-content\/uploads\/2020\/05\/xqueiroz-bolsonaro.jpg.png.pagespeed.ic_.NJ7W42ZFDy-1024x615.jpg 1024w, https:\/\/pertinente.com.br\/site\/wp-content\/uploads\/2020\/05\/xqueiroz-bolsonaro.jpg.png.pagespeed.ic_.NJ7W42ZFDy-300x180.jpg 300w, https:\/\/pertinente.com.br\/site\/wp-content\/uploads\/2020\/05\/xqueiroz-bolsonaro.jpg.png.pagespeed.ic_.NJ7W42ZFDy-768x461.jpg 768w, https:\/\/pertinente.com.br\/site\/wp-content\/uploads\/2020\/05\/xqueiroz-bolsonaro.jpg.png.pagespeed.ic_.NJ7W42ZFDy.jpg 1086w\" sizes=\"(max-width: 1024px) 100vw, 1024px\" \/><\/figure>\n\n\n\n<p>Conforme a Folha, a pedido do senador Fl\u00e1vio Bolsonaro (RJ), hoje no Republicanos, o PSL nacional contratou em fevereiro de 2019 o escrit\u00f3rio de advocacia de um ex-assessor que hoje tem o nome envolvido no\u00a0<a href=\"https:\/\/www1.folha.uol.com.br\/poder\/2020\/05\/pf-antecipou-a-flavio-bolsonaro-que-queiroz-seria-alvo-de-operacao-diz-suplente-do-senador.shtml\">suposto vazamento de informa\u00e7\u00f5es da Pol\u00edcia Federal<\/a>\u00a0em benef\u00edcio da fam\u00edlia do presidente da Rep\u00fablica.<\/p>\n\n\n\n<p>Foram 13 meses e meio de contrato, com custo aos cofres p\u00fablicos de ao menos R$ 500 mil.<\/p>\n\n\n\n<p>As notas fiscais da presta\u00e7\u00e3o de contas do PSL nacional relativas a 2019 mostram que o escrit\u00f3rio do advogado Victor Granado Alves (Granado Advogados Associados, da qual Victor \u00e9 s\u00f3cio) foi contratado com dinheiro do fundo partid\u00e1rio \u2014a verba p\u00fablica que abastece as legendas no pa\u00eds\u2014 para prestar servi\u00e7os jur\u00eddicos ao diret\u00f3rio do Rio, comandado por Fl\u00e1vio, a partir de fevereiro do ano passado.<\/p>\n\n\n\n<p>O valor mensal pago foi de R$ 40 mil ao m\u00eas. O PSL informou que houve notifica\u00e7\u00e3o de rescis\u00e3o do contrato em 15 de janeiro deste ano, mas que uma cl\u00e1usula determinava que eventual rompimento s\u00f3 se efetivaria 60 dias ap\u00f3s essa comunica\u00e7\u00e3o.<\/p>\n\n\n\n<p>Leia mais:<\/p>\n\n\n\n<p><a href=\"https:\/\/www1.folha.uol.com.br\/poder\/2020\/05\/flavio-repassou-r-500-mil-de-fundo-publico-a-advogado-investigado-no-caso-queiroz.shtml\">https:\/\/www1.folha.uol.com.br\/poder\/2020\/05\/flavio-repassou-r-500-mil-de-fundo-publico-a-advogado-investigado-no-caso-queiroz.shtml<\/a><\/p>\n","protected":false},"excerpt":{"rendered":"<p>Conforme a Folha, a pedido do senador Fl\u00e1vio Bolsonaro (RJ), hoje no Republicanos, o PSL nacional contratou em fevereiro de 2019 o escrit\u00f3rio de advocacia de um ex-assessor que hoje tem o nome envolvido no\u00a0suposto vazamento de informa\u00e7\u00f5es da Pol\u00edcia Federal\u00a0em benef\u00edcio&hellip;<\/p>\n","protected":false},"author":1,"featured_media":1248,"comment_status":"open","ping_status":"open","sticky":false,"template":"","format":"standard","meta":{"footnotes":""},"categories":[4],"tags":[439,436,438,437],"_links":{"self":[{"href":"https:\/\/pertinente.com.br\/site\/wp-json\/wp\/v2\/posts\/1247"}],"collection":[{"href":"https:\/\/pertinente.com.br\/site\/wp-json\/wp\/v2\/posts"}],"about":[{"href":"https:\/\/pertinente.com.br\/site\/wp-json\/wp\/v2\/types\/post"}],"author":[{"embeddable":true,"href":"https:\/\/pertinente.com.br\/site\/wp-json\/wp\/v2\/users\/1"}],"replies":[{"embeddable":true,"href":"https:\/\/pertinente.com.br\/site\/wp-json\/wp\/v2\/comments?post=1247"}],"version-history":[{"count":2,"href":"https:\/\/pertinente.com.br\/site\/wp-json\/wp\/v2\/posts\/1247\/revisions"}],"predecessor-version":[{"id":1250,"href":"https:\/\/pertinente.com.br\/site\/wp-json\/wp\/v2\/posts\/1247\/revisions\/1250"}],"wp:featuredmedia":[{"embeddable":true,"href":"https:\/\/pertinente.com.br\/site\/wp-json\/wp\/v2\/media\/1248"}],"wp:attachment":[{"href":"https:\/\/pertinente.com.br\/site\/wp-json\/wp\/v2\/media?parent=1247"}],"wp:term":[{"taxonomy":"category","embeddable":true,"href":"https:\/\/pertinente.com.br\/site\/wp-json\/wp\/v2\/categories?post=1247"},{"taxonomy":"post_tag","embeddable":true,"href":"https:\/\/pertinente.com.br\/site\/wp-json\/wp\/v2\/tags?post=1247"}],"curies":[{"name":"wp","href":"https:\/\/api.w.org\/{rel}","templated":true}]}}