{"id":1251,"date":"2020-05-20T20:05:59","date_gmt":"2020-05-20T23:05:59","guid":{"rendered":"https:\/\/pertinente.com.br\/site\/?p=1251"},"modified":"2020-05-20T20:06:02","modified_gmt":"2020-05-20T23:06:02","slug":"regina-duarte-e-demitida-da-secretaria-da-cultura","status":"publish","type":"post","link":"https:\/\/pertinente.com.br\/site\/2020\/05\/20\/regina-duarte-e-demitida-da-secretaria-da-cultura\/","title":{"rendered":"Regina Duarte \u00e9 demitida da Secretaria da Cultura"},"content":{"rendered":"\n<figure class=\"wp-block-image size-large\"><img loading=\"lazy\" decoding=\"async\" width=\"1024\" height=\"1024\" src=\"https:\/\/pertinente.com.br\/site\/wp-content\/uploads\/2020\/05\/a-atriz-regina-duarte-e-o-presidente-jair-bolsonaro-169221-1024x1024.jpg\" alt=\"\" class=\"wp-image-1253\" srcset=\"https:\/\/pertinente.com.br\/site\/wp-content\/uploads\/2020\/05\/a-atriz-regina-duarte-e-o-presidente-jair-bolsonaro-169221-1024x1024.jpg 1024w, https:\/\/pertinente.com.br\/site\/wp-content\/uploads\/2020\/05\/a-atriz-regina-duarte-e-o-presidente-jair-bolsonaro-169221-300x300.jpg 300w, https:\/\/pertinente.com.br\/site\/wp-content\/uploads\/2020\/05\/a-atriz-regina-duarte-e-o-presidente-jair-bolsonaro-169221-150x150.jpg 150w, https:\/\/pertinente.com.br\/site\/wp-content\/uploads\/2020\/05\/a-atriz-regina-duarte-e-o-presidente-jair-bolsonaro-169221-768x768.jpg 768w, https:\/\/pertinente.com.br\/site\/wp-content\/uploads\/2020\/05\/a-atriz-regina-duarte-e-o-presidente-jair-bolsonaro-169221.jpg 1080w\" sizes=\"(max-width: 1024px) 100vw, 1024px\" \/><\/figure>\n\n\n\n<p>El Pa\u00eds &#8211; Bolsonaro nega \u201cfritura\u201d da atriz e anuncia a mudan\u00e7a na pasta em um v\u00eddeo no Twitter. Ela agora assume a Cinemateca em S\u00e3o Paulo, \u00f3rg\u00e3o mergulhado em crise financeira e ocupado por militares e pol\u00edticos da extrema direita.<\/p>\n\n\n\n<p>A atriz\u00a0<a rel=\"noreferrer noopener\" href=\"https:\/\/brasil.elpais.com\/noticias\/regina-blois-duarte\/\" target=\"_blank\"><strong>Regina Duarte<\/strong><\/a>\u00a0deixou na manh\u00e3 desta quarta-feira a\u00a0<a rel=\"noreferrer noopener\" href=\"https:\/\/brasil.elpais.com\/politica\/2020-03-04\/regina-duarte-assume-pasta-da-cultura-em-meio-a-ataque-de-olavistas.html\" target=\"_blank\">Secretaria da Cultura<\/a>\u00a0do Governo de\u00a0<a rel=\"noreferrer noopener\" href=\"https:\/\/brasil.elpais.com\/noticias\/jair-messias-bolsonaro\/\" target=\"_blank\">Jair Bolsonaro<\/a>. Ela, que havia assumido a pasta\u00a0<a rel=\"noreferrer noopener\" href=\"https:\/\/brasil.elpais.com\/cultura\/2020-01-29\/sim-de-regina-duarte-a-bolsonaro-encerra-arrastado-capitulo-na-secretaria-da-cultura.html\" target=\"_blank\">h\u00e1 pouco mais de dois meses<\/a>, ser\u00e1 transferida para o comando da<a rel=\"noreferrer noopener\" href=\"http:\/\/cinemateca.org.br\/\" target=\"_blank\"><strong>\u00a0Cinemateca Brasileira<\/strong><\/a>, em S\u00e3o Paulo, onde mora, alegando saudades da fam\u00edlia. <\/p>\n\n\n\n<p>A informa\u00e7\u00e3o foi confirmada em v\u00eddeo publicado na conta oficial de Bolsonaro no Twitter, onde Regina aparece bem-humorada e agradecendo ao presidente. A perman\u00eancia de Duarte no Governo Bolsonaro j\u00e1 vinha sendo colocada em xeque havia algumas semanas, mas no an\u00fancio o presidente negou ter \u201cfritado\u201d a atriz, a despeito de ter desidratado o poder da agora ex-secret\u00e1ria no comando da cultura do pa\u00eds.<\/p>\n\n\n\n<p>Leia mais:<\/p>\n\n\n\n<p><a href=\"https:\/\/brasil.elpais.com\/cultura\/2020-05-20\/regina-duarte-deixa-a-secretaria-da-cultura-para-assumir-a-cinemateca-de-sp.html\">https:\/\/brasil.elpais.com\/cultura\/2020-05-20\/regina-duarte-deixa-a-secretaria-da-cultura-para-assumir-a-cinemateca-de-sp.html<\/a><\/p>\n","protected":false},"excerpt":{"rendered":"<p>El Pa\u00eds &#8211; Bolsonaro nega \u201cfritura\u201d da atriz e anuncia a mudan\u00e7a na pasta em um v\u00eddeo no Twitter. Ela agora assume a Cinemateca em S\u00e3o Paulo, \u00f3rg\u00e3o mergulhado em crise financeira e ocupado por militares e pol\u00edticos da extrema direita. A&hellip;<\/p>\n","protected":false},"author":1,"featured_media":1253,"comment_status":"open","ping_status":"open","sticky":false,"template":"","format":"standard","meta":{"footnotes":""},"categories":[4],"tags":[218,442,441,440],"_links":{"self":[{"href":"https:\/\/pertinente.com.br\/site\/wp-json\/wp\/v2\/posts\/1251"}],"collection":[{"href":"https:\/\/pertinente.com.br\/site\/wp-json\/wp\/v2\/posts"}],"about":[{"href":"https:\/\/pertinente.com.br\/site\/wp-json\/wp\/v2\/types\/post"}],"author":[{"embeddable":true,"href":"https:\/\/pertinente.com.br\/site\/wp-json\/wp\/v2\/users\/1"}],"replies":[{"embeddable":true,"href":"https:\/\/pertinente.com.br\/site\/wp-json\/wp\/v2\/comments?post=1251"}],"version-history":[{"count":1,"href":"https:\/\/pertinente.com.br\/site\/wp-json\/wp\/v2\/posts\/1251\/revisions"}],"predecessor-version":[{"id":1254,"href":"https:\/\/pertinente.com.br\/site\/wp-json\/wp\/v2\/posts\/1251\/revisions\/1254"}],"wp:featuredmedia":[{"embeddable":true,"href":"https:\/\/pertinente.com.br\/site\/wp-json\/wp\/v2\/media\/1253"}],"wp:attachment":[{"href":"https:\/\/pertinente.com.br\/site\/wp-json\/wp\/v2\/media?parent=1251"}],"wp:term":[{"taxonomy":"category","embeddable":true,"href":"https:\/\/pertinente.com.br\/site\/wp-json\/wp\/v2\/categories?post=1251"},{"taxonomy":"post_tag","embeddable":true,"href":"https:\/\/pertinente.com.br\/site\/wp-json\/wp\/v2\/tags?post=1251"}],"curies":[{"name":"wp","href":"https:\/\/api.w.org\/{rel}","templated":true}]}}