{"id":1255,"date":"2020-05-21T14:39:41","date_gmt":"2020-05-21T17:39:41","guid":{"rendered":"https:\/\/pertinente.com.br\/site\/?p=1255"},"modified":"2020-05-21T14:39:44","modified_gmt":"2020-05-21T17:39:44","slug":"mandetta-diz-que-bolsonaro-tentou-alterar-a-bula-da-cloroquina","status":"publish","type":"post","link":"https:\/\/pertinente.com.br\/site\/2020\/05\/21\/mandetta-diz-que-bolsonaro-tentou-alterar-a-bula-da-cloroquina\/","title":{"rendered":"Mandetta diz que Bolsonaro tentou alterar a bula da cloroquina"},"content":{"rendered":"\n<figure class=\"wp-block-image size-large\"><img loading=\"lazy\" decoding=\"async\" width=\"874\" height=\"450\" src=\"https:\/\/pertinente.com.br\/site\/wp-content\/uploads\/2020\/05\/BB14q4xa.jpg\" alt=\"\" class=\"wp-image-1256\" srcset=\"https:\/\/pertinente.com.br\/site\/wp-content\/uploads\/2020\/05\/BB14q4xa.jpg 874w, https:\/\/pertinente.com.br\/site\/wp-content\/uploads\/2020\/05\/BB14q4xa-300x154.jpg 300w, https:\/\/pertinente.com.br\/site\/wp-content\/uploads\/2020\/05\/BB14q4xa-768x395.jpg 768w\" sizes=\"(max-width: 874px) 100vw, 874px\" \/><\/figure>\n\n\n\n<p>MSN &#8211; O presidente\u00a0<a rel=\"noreferrer noopener\" href=\"https:\/\/catracalivre.com.br\/tag\/jair-bolsonaro\/\" target=\"_blank\">Jair Bolsonaro<\/a>\u00a0(sem partido) tentou alterar a bula da cloroquina no come\u00e7o da pandemia do novo\u00a0<a rel=\"noreferrer noopener\" href=\"https:\/\/catracalivre.com.br\/tag\/coronavirus\/\" target=\"_blank\">coronav\u00edrus<\/a>\u00a0no Brasil, afirmou o ex-ministro da Sa\u00fade,\u00a0<a rel=\"noreferrer noopener\" href=\"https:\/\/catracalivre.com.br\/saude-bem-estar\/mandetta-alerta-que-ampliacao-do-uso-da-cloroquina-pode-provocar-mortes-em-casa\/\" target=\"_blank\">Luiz Henrique Mandetta<\/a>. A inten\u00e7\u00e3o do governo federal, segundo Mandetta, era indicar na bula que a cloroquina seria recomendada no tratamento contra a covid-19. A declara\u00e7\u00e3o foi dada em entrevista \u00e0 GloboNews.<\/p>\n\n\n\n<p>\u201cO presidente se assessorava ou se cercava de outros profissionais m\u00e9dicos. Eu me lembro de quando, no final de um dia de reuni\u00e3o de conselho ministerial, me pediram para entrar numa sala e estavam l\u00e1 um m\u00e9dico anestesista e uma m\u00e9dica imunologista, que estavam com a reda\u00e7\u00e3o de um prov\u00e1vel ou futuro, ou alguma coisa do g\u00eanero, um decreto presidencial\u2026 E a ideia que eles tinham era de alterar a bula do medicamento na Anvisa, colocando na bula indica\u00e7\u00e3o para covid-19\u201d, afirmou Mandetta, ao canal.<\/p>\n\n\n\n<p>O ex-ministro disse que havia ministros, integrantes da AGU e o presidente da Anvisa, Antonio Barra Torres, no encontro. \u201cO pr\u00f3prio presidente da Anvisa se assustou com aquele caminho, disse que n\u00e3o poderia concordar. Eu simplesmente disse que aquilo n\u00e3o era uma coisa s\u00e9ria e que eu n\u00e3o iria continuar naquilo dali, que o palco daquela discuss\u00e3o tem que ser no Conselho Federal de Medicina. Ent\u00e3o, \u00e9 l\u00e1 que esse debate tem que se dar. N\u00e3o adianta fazer um debate de uma pessoa que seja especialista na \u00e1rea que for, com um presidente da Rep\u00fablica que n\u00e3o \u00e9 m\u00e9dico. A disparidade de armas, j\u00e1 que a frase est\u00e1 t\u00e3o em voga, \u00e9 muito dif\u00edcil\u201d, relatou Mandetta, defendendo que decis\u00f5es deste tipo deveriam ser feitas com base na ci\u00eancia, sob aprova\u00e7\u00e3o de m\u00e9dicos.<\/p>\n\n\n\n<p>Leia mais:<\/p>\n\n\n\n<p><a href=\"https:\/\/www.msn.com\/pt-br\/noticias\/brasil\/mandetta-diz-que-bolsonaro-tentou-alterar-a-bula-da-cloroquina\/ar-BB14pY3x?li=AAggXC1\">https:\/\/www.msn.com\/pt-br\/noticias\/brasil\/mandetta-diz-que-bolsonaro-tentou-alterar-a-bula-da-cloroquina\/ar-BB14pY3x?li=AAggXC1<\/a><\/p>\n","protected":false},"excerpt":{"rendered":"<p>MSN &#8211; O presidente\u00a0Jair Bolsonaro\u00a0(sem partido) tentou alterar a bula da cloroquina no come\u00e7o da pandemia do novo\u00a0coronav\u00edrus\u00a0no Brasil, afirmou o ex-ministro da Sa\u00fade,\u00a0Luiz Henrique Mandetta. A inten\u00e7\u00e3o do governo federal, segundo Mandetta, era indicar na bula que a cloroquina seria recomendada&hellip;<\/p>\n","protected":false},"author":1,"featured_media":1256,"comment_status":"open","ping_status":"open","sticky":false,"template":"","format":"standard","meta":{"footnotes":""},"categories":[4],"tags":[218,435,49,443],"_links":{"self":[{"href":"https:\/\/pertinente.com.br\/site\/wp-json\/wp\/v2\/posts\/1255"}],"collection":[{"href":"https:\/\/pertinente.com.br\/site\/wp-json\/wp\/v2\/posts"}],"about":[{"href":"https:\/\/pertinente.com.br\/site\/wp-json\/wp\/v2\/types\/post"}],"author":[{"embeddable":true,"href":"https:\/\/pertinente.com.br\/site\/wp-json\/wp\/v2\/users\/1"}],"replies":[{"embeddable":true,"href":"https:\/\/pertinente.com.br\/site\/wp-json\/wp\/v2\/comments?post=1255"}],"version-history":[{"count":1,"href":"https:\/\/pertinente.com.br\/site\/wp-json\/wp\/v2\/posts\/1255\/revisions"}],"predecessor-version":[{"id":1257,"href":"https:\/\/pertinente.com.br\/site\/wp-json\/wp\/v2\/posts\/1255\/revisions\/1257"}],"wp:featuredmedia":[{"embeddable":true,"href":"https:\/\/pertinente.com.br\/site\/wp-json\/wp\/v2\/media\/1256"}],"wp:attachment":[{"href":"https:\/\/pertinente.com.br\/site\/wp-json\/wp\/v2\/media?parent=1255"}],"wp:term":[{"taxonomy":"category","embeddable":true,"href":"https:\/\/pertinente.com.br\/site\/wp-json\/wp\/v2\/categories?post=1255"},{"taxonomy":"post_tag","embeddable":true,"href":"https:\/\/pertinente.com.br\/site\/wp-json\/wp\/v2\/tags?post=1255"}],"curies":[{"name":"wp","href":"https:\/\/api.w.org\/{rel}","templated":true}]}}