{"id":1258,"date":"2020-05-22T11:34:49","date_gmt":"2020-05-22T14:34:49","guid":{"rendered":"https:\/\/pertinente.com.br\/site\/?p=1258"},"modified":"2020-05-22T17:50:33","modified_gmt":"2020-05-22T20:50:33","slug":"stf-pede-apreensao-de-celular-de-bolsonaroc","status":"publish","type":"post","link":"https:\/\/pertinente.com.br\/site\/2020\/05\/22\/stf-pede-apreensao-de-celular-de-bolsonaroc\/","title":{"rendered":"STF pede apreens\u00e3o de celular de Bolsonaro"},"content":{"rendered":"\n<figure class=\"wp-block-image size-large\"><img loading=\"lazy\" decoding=\"async\" width=\"1024\" height=\"683\" src=\"https:\/\/pertinente.com.br\/site\/wp-content\/uploads\/2020\/05\/bolsonaro-carlos-1024x683-1.jpg\" alt=\"\" class=\"wp-image-1268\" srcset=\"https:\/\/pertinente.com.br\/site\/wp-content\/uploads\/2020\/05\/bolsonaro-carlos-1024x683-1.jpg 1024w, https:\/\/pertinente.com.br\/site\/wp-content\/uploads\/2020\/05\/bolsonaro-carlos-1024x683-1-300x200.jpg 300w, https:\/\/pertinente.com.br\/site\/wp-content\/uploads\/2020\/05\/bolsonaro-carlos-1024x683-1-768x512.jpg 768w\" sizes=\"(max-width: 1024px) 100vw, 1024px\" \/><\/figure>\n\n\n\n<p>InfoMoney &#8211; O ministro decano do Supremo Tribunal Federal (STF), Celso de Mello, enviou \u00e0 Procuradoria-Geral da Rep\u00fablica (PGR) tr\u00eas not\u00edcias-crimes apresentadas pelos partidos PDT, PSB e PV e parlamentares que pedem novos desdobramentos na investiga\u00e7\u00e3o sobre a suposta interfer\u00eancia do presidente Jair Bolsonaro na Pol\u00edcia Federal.<\/p>\n\n\n\n<p>Entre as medidas solicitadas nas not\u00edcias-crime est\u00e3o pedidos de depoimento e de apreens\u00e3o do celular de Bolsonaro e de seu filho Carlos. Caber\u00e1 \u00e0 PGR, chefiada por Augusto Aras, analisar se as medidas s\u00e3o necess\u00e1rias dentro do inqu\u00e9rito.<\/p>\n\n\n\n<p>Segundo a equipe de an\u00e1lise da XP Pol\u00edtica, o pedido \u00e9 meramente uma formalidade. \u201cRito normal. Nenhuma rela\u00e7\u00e3o com acelera\u00e7\u00e3o\/agravamento do inqu\u00e9rito\u201d, avalia.<\/p>\n\n\n\n<p>Leia mais:<\/p>\n\n\n\n<p><a href=\"https:\/\/www.infomoney.com.br\/politica\/celso-de-mello-envia-a-pgr-pedidos-de-depoimento-e-apreensao-de-celular-de-bolsonaro\/\">https:\/\/www.infomoney.com.br\/politica\/celso-de-mello-envia-a-pgr-pedidos-de-depoimento-e-apreensao-de-celular-de-bolsonaro\/<\/a><\/p>\n\n\n\n<p><\/p>\n","protected":false},"excerpt":{"rendered":"<p>InfoMoney &#8211; O ministro decano do Supremo Tribunal Federal (STF), Celso de Mello, enviou \u00e0 Procuradoria-Geral da Rep\u00fablica (PGR) tr\u00eas not\u00edcias-crimes apresentadas pelos partidos PDT, PSB e PV e parlamentares que pedem novos desdobramentos na investiga\u00e7\u00e3o sobre a suposta interfer\u00eancia do presidente&hellip;<\/p>\n","protected":false},"author":1,"featured_media":1268,"comment_status":"open","ping_status":"open","sticky":false,"template":"","format":"standard","meta":{"footnotes":""},"categories":[4],"tags":[137,218,444,445],"_links":{"self":[{"href":"https:\/\/pertinente.com.br\/site\/wp-json\/wp\/v2\/posts\/1258"}],"collection":[{"href":"https:\/\/pertinente.com.br\/site\/wp-json\/wp\/v2\/posts"}],"about":[{"href":"https:\/\/pertinente.com.br\/site\/wp-json\/wp\/v2\/types\/post"}],"author":[{"embeddable":true,"href":"https:\/\/pertinente.com.br\/site\/wp-json\/wp\/v2\/users\/1"}],"replies":[{"embeddable":true,"href":"https:\/\/pertinente.com.br\/site\/wp-json\/wp\/v2\/comments?post=1258"}],"version-history":[{"count":2,"href":"https:\/\/pertinente.com.br\/site\/wp-json\/wp\/v2\/posts\/1258\/revisions"}],"predecessor-version":[{"id":1269,"href":"https:\/\/pertinente.com.br\/site\/wp-json\/wp\/v2\/posts\/1258\/revisions\/1269"}],"wp:featuredmedia":[{"embeddable":true,"href":"https:\/\/pertinente.com.br\/site\/wp-json\/wp\/v2\/media\/1268"}],"wp:attachment":[{"href":"https:\/\/pertinente.com.br\/site\/wp-json\/wp\/v2\/media?parent=1258"}],"wp:term":[{"taxonomy":"category","embeddable":true,"href":"https:\/\/pertinente.com.br\/site\/wp-json\/wp\/v2\/categories?post=1258"},{"taxonomy":"post_tag","embeddable":true,"href":"https:\/\/pertinente.com.br\/site\/wp-json\/wp\/v2\/tags?post=1258"}],"curies":[{"name":"wp","href":"https:\/\/api.w.org\/{rel}","templated":true}]}}