{"id":1262,"date":"2020-05-22T17:41:49","date_gmt":"2020-05-22T20:41:49","guid":{"rendered":"https:\/\/pertinente.com.br\/site\/?p=1262"},"modified":"2020-05-22T17:41:52","modified_gmt":"2020-05-22T20:41:52","slug":"stf-libera-integra-de-video-de-reuniao-ministerial-com-moro-e-bolsonaro","status":"publish","type":"post","link":"https:\/\/pertinente.com.br\/site\/2020\/05\/22\/stf-libera-integra-de-video-de-reuniao-ministerial-com-moro-e-bolsonaro\/","title":{"rendered":"STF libera \u00edntegra de v\u00eddeo de reuni\u00e3o ministerial com Moro e Bolsonaro"},"content":{"rendered":"\n<figure class=\"wp-block-image size-large\"><img loading=\"lazy\" decoding=\"async\" width=\"1024\" height=\"682\" src=\"https:\/\/pertinente.com.br\/site\/wp-content\/uploads\/2020\/05\/whatsapp-image-2020-05-21-at-16-11-38-1024x682.jpeg\" alt=\"\" class=\"wp-image-1263\" srcset=\"https:\/\/pertinente.com.br\/site\/wp-content\/uploads\/2020\/05\/whatsapp-image-2020-05-21-at-16-11-38-1024x682.jpeg 1024w, https:\/\/pertinente.com.br\/site\/wp-content\/uploads\/2020\/05\/whatsapp-image-2020-05-21-at-16-11-38-300x200.jpeg 300w, https:\/\/pertinente.com.br\/site\/wp-content\/uploads\/2020\/05\/whatsapp-image-2020-05-21-at-16-11-38-768x512.jpeg 768w, https:\/\/pertinente.com.br\/site\/wp-content\/uploads\/2020\/05\/whatsapp-image-2020-05-21-at-16-11-38.jpeg 1280w\" sizes=\"(max-width: 1024px) 100vw, 1024px\" \/><\/figure>\n\n\n\n<p>Folha &#8211; O ministro Celso de Mello, do STF (Supremo Tribunal Federal), decidiu tornar p\u00fablica a \u00edntegra do v\u00eddeo da reuni\u00e3o ministerial citada pelo ex-ministro Sergio Moro em depoimento \u00e0 Pol\u00edcia Federal como um ind\u00edcio de que o presidente Jair Bolsonaro desejava interferir na autonomia da P\u200bol\u00edcia Federal.<br>\u200b<br><\/p>\n\n\n\n<p>O magistrado n\u00e3o atendeu aos pedidos do governo e da Procuradoria-Geral da Rep\u00fablica (PGR), que defenderam a publicidade apenas dos trechos do encontro que teriam rela\u00e7\u00e3o com o inqu\u00e9rito em curso no Supremo.<\/p>\n\n\n\n<p>A investiga\u00e7\u00e3o aberta a pedido da PGR, e autorizada por Celso de Mello, apura a veracidade das acusa\u00e7\u00f5es do ex-juiz da Lava Jato ao pedir demiss\u00e3o do Minist\u00e9rio da Justi\u00e7a e Seguran\u00e7a P\u00fablica.<\/p>\n\n\n\n<p>Segundo o ex-juiz da Lava Jato, o presidente o pressionou pela troca da dire\u00e7\u00e3o-geral e superintend\u00eancia da PF do Rio de Janeiro com intuito de interferir no trabalho da corpora\u00e7\u00e3o, o que viola a autonomia da PF prevista em lei.<\/p>\n\n\n\n<p>Leia mais:<\/p>\n\n\n\n<p><a href=\"https:\/\/www1.folha.uol.com.br\/poder\/2020\/05\/celso-de-mello-libere-integra-de-video-de-reuniao-ministerial-com-moro-e-bolsonaro.shtml\">https:\/\/www1.folha.uol.com.br\/poder\/2020\/05\/celso-de-mello-libere-integra-de-video-de-reuniao-ministerial-com-moro-e-bolsonaro.shtml<\/a><\/p>\n","protected":false},"excerpt":{"rendered":"<p>Folha &#8211; O ministro Celso de Mello, do STF (Supremo Tribunal Federal), decidiu tornar p\u00fablica a \u00edntegra do v\u00eddeo da reuni\u00e3o ministerial citada pelo ex-ministro Sergio Moro em depoimento \u00e0 Pol\u00edcia Federal como um ind\u00edcio de que o presidente Jair Bolsonaro desejava&hellip;<\/p>\n","protected":false},"author":1,"featured_media":1259,"comment_status":"open","ping_status":"open","sticky":false,"template":"","format":"standard","meta":{"footnotes":""},"categories":[4],"tags":[218,66,423],"_links":{"self":[{"href":"https:\/\/pertinente.com.br\/site\/wp-json\/wp\/v2\/posts\/1262"}],"collection":[{"href":"https:\/\/pertinente.com.br\/site\/wp-json\/wp\/v2\/posts"}],"about":[{"href":"https:\/\/pertinente.com.br\/site\/wp-json\/wp\/v2\/types\/post"}],"author":[{"embeddable":true,"href":"https:\/\/pertinente.com.br\/site\/wp-json\/wp\/v2\/users\/1"}],"replies":[{"embeddable":true,"href":"https:\/\/pertinente.com.br\/site\/wp-json\/wp\/v2\/comments?post=1262"}],"version-history":[{"count":1,"href":"https:\/\/pertinente.com.br\/site\/wp-json\/wp\/v2\/posts\/1262\/revisions"}],"predecessor-version":[{"id":1264,"href":"https:\/\/pertinente.com.br\/site\/wp-json\/wp\/v2\/posts\/1262\/revisions\/1264"}],"wp:featuredmedia":[{"embeddable":true,"href":"https:\/\/pertinente.com.br\/site\/wp-json\/wp\/v2\/media\/1259"}],"wp:attachment":[{"href":"https:\/\/pertinente.com.br\/site\/wp-json\/wp\/v2\/media?parent=1262"}],"wp:term":[{"taxonomy":"category","embeddable":true,"href":"https:\/\/pertinente.com.br\/site\/wp-json\/wp\/v2\/categories?post=1262"},{"taxonomy":"post_tag","embeddable":true,"href":"https:\/\/pertinente.com.br\/site\/wp-json\/wp\/v2\/tags?post=1262"}],"curies":[{"name":"wp","href":"https:\/\/api.w.org\/{rel}","templated":true}]}}