{"id":1265,"date":"2020-05-22T17:46:37","date_gmt":"2020-05-22T20:46:37","guid":{"rendered":"https:\/\/pertinente.com.br\/site\/?p=1265"},"modified":"2020-05-22T17:46:40","modified_gmt":"2020-05-22T20:46:40","slug":"ministro-chefe-do-gabinete-de-seguranca-institucional-general-heleno-faz-ameaca-em-caso-de-o-celular-de-bolsonaro-e-filho-for-apreendido","status":"publish","type":"post","link":"https:\/\/pertinente.com.br\/site\/2020\/05\/22\/ministro-chefe-do-gabinete-de-seguranca-institucional-general-heleno-faz-ameaca-em-caso-de-o-celular-de-bolsonaro-e-filho-for-apreendido\/","title":{"rendered":"Ministro-chefe do Gabinete de Seguran\u00e7a Institucional, General Heleno, faz amea\u00e7a em caso de o celular de Bolsonaro e filho for apreendido"},"content":{"rendered":"\n<figure class=\"wp-block-image size-large\"><img loading=\"lazy\" decoding=\"async\" width=\"1024\" height=\"615\" src=\"https:\/\/pertinente.com.br\/site\/wp-content\/uploads\/2020\/05\/x87714119_BrasilBrasiliaPA01-04-2020Presidente-Jair-Bolsonaro-acompanhado-dos-ministr.jpg.pagespeed.ic_.9kcez3zkTI-1024x615.jpg\" alt=\"\" class=\"wp-image-1266\" srcset=\"https:\/\/pertinente.com.br\/site\/wp-content\/uploads\/2020\/05\/x87714119_BrasilBrasiliaPA01-04-2020Presidente-Jair-Bolsonaro-acompanhado-dos-ministr.jpg.pagespeed.ic_.9kcez3zkTI-1024x615.jpg 1024w, https:\/\/pertinente.com.br\/site\/wp-content\/uploads\/2020\/05\/x87714119_BrasilBrasiliaPA01-04-2020Presidente-Jair-Bolsonaro-acompanhado-dos-ministr.jpg.pagespeed.ic_.9kcez3zkTI-300x180.jpg 300w, https:\/\/pertinente.com.br\/site\/wp-content\/uploads\/2020\/05\/x87714119_BrasilBrasiliaPA01-04-2020Presidente-Jair-Bolsonaro-acompanhado-dos-ministr.jpg.pagespeed.ic_.9kcez3zkTI-768x461.jpg 768w, https:\/\/pertinente.com.br\/site\/wp-content\/uploads\/2020\/05\/x87714119_BrasilBrasiliaPA01-04-2020Presidente-Jair-Bolsonaro-acompanhado-dos-ministr.jpg.pagespeed.ic_.9kcez3zkTI.jpg 1086w\" sizes=\"(max-width: 1024px) 100vw, 1024px\" \/><\/figure>\n\n\n\n<p>O Globo &#8211; O ministro do Gabinete de Seguran\u00e7a Institucional (GSI), Augusto Heleno, afirmou nesta sexta-feira que apreender o celular do presidente Jair Bolsonaro seria uma &#8220;afronta \u00e0 autoridade m\u00e1xima do Poder Executivo e interfer\u00eancia inadmiss\u00edvel de outro Poder&#8221; e que &#8220;poder\u00e1 ter consequ\u00eancias imprevis\u00edveis&#8221;. <\/p>\n\n\n\n<p>O ministro Celso de Mello, do Supremo Tribunal Federal (STF),\u00a0<a rel=\"noreferrer noopener\" href=\"https:\/\/oglobo.globo.com\/brasil\/celso-de-mello-envia-pgr-pedido-de-deputados-da-oposicao-que-querem-apreensao-de-celular-de-bolsonaro-1-24440600\" target=\"_blank\">encaminhou<\/a>\u00a0ao procurador-geral da Rep\u00fablica, Augusto Aras, um pedido apresentado por parlamentares de oposi\u00e7\u00e3o de apreens\u00e3o do celular de Bolsonaro.<\/p>\n\n\n\n<p>Em um dos pedidos enviado por Celso \u00e0 PGR, deputados do PSB, PDT e PV pedem a apreens\u00e3o dos telefones de Bolsonaro, de seu filho Carlos Bolsonaro e da deputada Carla Zambelli (PSL-SP). Outra representa\u00e7\u00e3o foi feita pelo PT solicitando a apreens\u00e3o do celular do ex-ministro Moro.<\/p>\n\n\n\n<p>Como \u00e9 de praxe, quando &#8220;uma not\u00edcia-crime&#8221; \u00e9 apresentada por qualquer cidad\u00e3o, o caso \u00e9 remetido para an\u00e1lise do Minist\u00e9rio P\u00fablico Federal, a quem compete decidir se os fatos narrados devem ou n\u00e3o ser investigados. Em seu despacho, o ministro Celso de Mello cita essa compet\u00eancia legal do MPF, mas ressalta da import\u00e2ncia de se investigar den\u00fancias sejam elas feitas por quem quer que seja.<\/p>\n\n\n\n<p>Leia mais:<\/p>\n\n\n\n<p><a href=\"https:\/\/oglobo.globo.com\/brasil\/heleno-diz-que-apreensao-de-celular-de-bolsonaro-seria-interferencia-inadmissivel-que-podera-ter-consequencias-imprevisiveis-24441031\">https:\/\/oglobo.globo.com\/brasil\/heleno-diz-que-apreensao-de-celular-de-bolsonaro-seria-interferencia-inadmissivel-que-podera-ter-consequencias-imprevisiveis-24441031<\/a><\/p>\n","protected":false},"excerpt":{"rendered":"<p>O Globo &#8211; O ministro do Gabinete de Seguran\u00e7a Institucional (GSI), Augusto Heleno, afirmou nesta sexta-feira que apreender o celular do presidente Jair Bolsonaro seria uma &#8220;afronta \u00e0 autoridade m\u00e1xima do Poder Executivo e interfer\u00eancia inadmiss\u00edvel de outro Poder&#8221; e que &#8220;poder\u00e1&hellip;<\/p>\n","protected":false},"author":1,"featured_media":1266,"comment_status":"open","ping_status":"open","sticky":false,"template":"","format":"standard","meta":{"footnotes":""},"categories":[4],"tags":[448,218,445,446,447,66],"_links":{"self":[{"href":"https:\/\/pertinente.com.br\/site\/wp-json\/wp\/v2\/posts\/1265"}],"collection":[{"href":"https:\/\/pertinente.com.br\/site\/wp-json\/wp\/v2\/posts"}],"about":[{"href":"https:\/\/pertinente.com.br\/site\/wp-json\/wp\/v2\/types\/post"}],"author":[{"embeddable":true,"href":"https:\/\/pertinente.com.br\/site\/wp-json\/wp\/v2\/users\/1"}],"replies":[{"embeddable":true,"href":"https:\/\/pertinente.com.br\/site\/wp-json\/wp\/v2\/comments?post=1265"}],"version-history":[{"count":1,"href":"https:\/\/pertinente.com.br\/site\/wp-json\/wp\/v2\/posts\/1265\/revisions"}],"predecessor-version":[{"id":1267,"href":"https:\/\/pertinente.com.br\/site\/wp-json\/wp\/v2\/posts\/1265\/revisions\/1267"}],"wp:featuredmedia":[{"embeddable":true,"href":"https:\/\/pertinente.com.br\/site\/wp-json\/wp\/v2\/media\/1266"}],"wp:attachment":[{"href":"https:\/\/pertinente.com.br\/site\/wp-json\/wp\/v2\/media?parent=1265"}],"wp:term":[{"taxonomy":"category","embeddable":true,"href":"https:\/\/pertinente.com.br\/site\/wp-json\/wp\/v2\/categories?post=1265"},{"taxonomy":"post_tag","embeddable":true,"href":"https:\/\/pertinente.com.br\/site\/wp-json\/wp\/v2\/tags?post=1265"}],"curies":[{"name":"wp","href":"https:\/\/api.w.org\/{rel}","templated":true}]}}