{"id":1277,"date":"2020-05-23T18:38:30","date_gmt":"2020-05-23T21:38:30","guid":{"rendered":"https:\/\/pertinente.com.br\/site\/2020\/05\/23\/reuniao-expoe-ao-menos-dois-crimes-de-bolsonaro-apontam-juristas\/"},"modified":"2020-05-23T18:38:30","modified_gmt":"2020-05-23T21:38:30","slug":"reuniao-expoe-ao-menos-dois-crimes-de-bolsonaro-apontam-juristas","status":"publish","type":"post","link":"https:\/\/pertinente.com.br\/site\/2020\/05\/23\/reuniao-expoe-ao-menos-dois-crimes-de-bolsonaro-apontam-juristas\/","title":{"rendered":"Reuni\u00e3o exp\u00f5e ao menos dois crimes de Bolsonaro, apontam juristas"},"content":{"rendered":"\n<figure class=\"wp-block-image size-large\"><img loading=\"lazy\" decoding=\"async\" width=\"1024\" height=\"495\" src=\"https:\/\/pertinente.com.br\/site\/wp-content\/uploads\/2020\/05\/img_20200523_1836135525479635559354419-1024x495.jpg\" alt=\"\" class=\"wp-image-1275\" srcset=\"https:\/\/pertinente.com.br\/site\/wp-content\/uploads\/2020\/05\/img_20200523_1836135525479635559354419-1024x495.jpg 1024w, https:\/\/pertinente.com.br\/site\/wp-content\/uploads\/2020\/05\/img_20200523_1836135525479635559354419-300x145.jpg 300w, https:\/\/pertinente.com.br\/site\/wp-content\/uploads\/2020\/05\/img_20200523_1836135525479635559354419-768x371.jpg 768w, https:\/\/pertinente.com.br\/site\/wp-content\/uploads\/2020\/05\/img_20200523_1836135525479635559354419.jpg 1305w\" sizes=\"(max-width: 1024px) 100vw, 1024px\" \/><\/figure>\n\n\n\n<p>El Pa\u00eds &#8211; V\u00eddeo e entrevista desmontam vers\u00e3o de presidente sobre PF e elevam press\u00e3o sobre Aras por den\u00fancia. A uma radio, mandat\u00e1rio diz ter sido avisado de opera\u00e7\u00f5es policiais contra a fam\u00edlia.<\/p>\n\n\n\n<p>A \u00edntegra da reuni\u00e3o do conselho de ministros de\u00a0<a href=\"https:\/\/brasil.elpais.com\/brasil\/2020-05-23\/video-da-reuniao-de-bolsonaro-evidencia-descaso-com-pandemia-que-ja-matou-mais-de-21000.html\">Jair Bolsonaro\u00a0<\/a><a rel=\"noreferrer noopener\" href=\"https:\/\/brasil.elpais.com\/brasil\/2020-05-22\/celso-de-mello-retira-sigilo-de-video-de-reuniao-onde-bolsonaro-menciona-trocas-na-seguranca-para-proteger-familia.html\" target=\"_blank\">revelada nesta sexta-feira por ordem do decano do Supremo Tribunal Federal, Celso de Mello<\/a>,\u00a0<a rel=\"noreferrer noopener\" href=\"https:\/\/brasil.elpais.com\/brasil\/2020-05-22\/salles-ve-oportunidade-com-coronavirus-para-passar-de-boiada-desregulacao-da-protecao-ao-meio-ambiente.html\" target=\"_blank\">exp\u00f4s como nunca o\u00a0<\/a><em><a rel=\"noreferrer noopener\" href=\"https:\/\/brasil.elpais.com\/brasil\/2020-05-22\/salles-ve-oportunidade-com-coronavirus-para-passar-de-boiada-desregulacao-da-protecao-ao-meio-ambiente.html\" target=\"_blank\">modus operandi<\/a><\/em><a rel=\"noreferrer noopener\" href=\"https:\/\/brasil.elpais.com\/brasil\/2020-05-22\/salles-ve-oportunidade-com-coronavirus-para-passar-de-boiada-desregulacao-da-protecao-ao-meio-ambiente.html\" target=\"_blank\">\u00a0do Governo ultradireitista<\/a>\u00a0e desmontou a vers\u00e3o do presidente de que ele jamais havia cobrado mudan\u00e7as na estrutura de seguran\u00e7a, Pol\u00edcia Federal inclu\u00edda, para proteger seus familiares. <\/p>\n\n\n\n<p>Nas imagens, Bolsonaro aparece n\u00e3o apenas amea\u00e7ando trocar \u201cministro\u201d caso n\u00e3o fosse atendido na miss\u00e3o de preservar seus parentes de \u201csacanagens\u201d \u2014ele mira na dire\u00e7\u00e3o do ent\u00e3o ministro da Justi\u00e7a, Sergio Moro no exato momento\u2014, como fala tamb\u00e9m da necessidade de proteger \u201camigos\u201d. O Planalto vinha repetindo que o presidente, na reuni\u00e3o, se referia \u00e0 seguran\u00e7a pessoal de seus familiares, que cabe ao GSI (Gabinete Seguran\u00e7a Institucional), e n\u00e3o a policiais federais. A men\u00e7\u00e3o aos amigos, por\u00e9m, complica ainda mais a linha de defesa de Bolsonaro no inqu\u00e9rito que apura se ele tentou interferir na PF, uma vez que o GSI n\u00e3o teria como se envolver na prote\u00e7\u00e3o de quem n\u00e3o seja da sua fam\u00edlia.<\/p>\n\n\n\n<p>Leia mais:<\/p>\n\n\n\n<p><a href=\"https:\/\/brasil.elpais.com\/brasil\/2020-05-23\/reuniao-expoe-ao-menos-dois-crimes-de-bolsonaro-apontam-juristas.html\">https:\/\/brasil.elpais.com\/brasil\/2020-05-23\/reuniao-expoe-ao-menos-dois-crimes-de-bolsonaro-apontam-juristas.html<\/a><\/p>\n","protected":false},"excerpt":{"rendered":"<p>El Pa\u00eds &#8211; V\u00eddeo e entrevista desmontam vers\u00e3o de presidente sobre PF e elevam press\u00e3o sobre Aras por den\u00fancia. A uma radio, mandat\u00e1rio diz ter sido avisado de opera\u00e7\u00f5es policiais contra a fam\u00edlia. A \u00edntegra da reuni\u00e3o do conselho de ministros de\u00a0Jair&hellip;<\/p>\n","protected":false},"author":1,"featured_media":1276,"comment_status":"open","ping_status":"open","sticky":false,"template":"","format":"standard","meta":{"footnotes":""},"categories":[4],"tags":[218,451,450,423],"_links":{"self":[{"href":"https:\/\/pertinente.com.br\/site\/wp-json\/wp\/v2\/posts\/1277"}],"collection":[{"href":"https:\/\/pertinente.com.br\/site\/wp-json\/wp\/v2\/posts"}],"about":[{"href":"https:\/\/pertinente.com.br\/site\/wp-json\/wp\/v2\/types\/post"}],"author":[{"embeddable":true,"href":"https:\/\/pertinente.com.br\/site\/wp-json\/wp\/v2\/users\/1"}],"replies":[{"embeddable":true,"href":"https:\/\/pertinente.com.br\/site\/wp-json\/wp\/v2\/comments?post=1277"}],"version-history":[{"count":0,"href":"https:\/\/pertinente.com.br\/site\/wp-json\/wp\/v2\/posts\/1277\/revisions"}],"wp:featuredmedia":[{"embeddable":true,"href":"https:\/\/pertinente.com.br\/site\/wp-json\/wp\/v2\/media\/1276"}],"wp:attachment":[{"href":"https:\/\/pertinente.com.br\/site\/wp-json\/wp\/v2\/media?parent=1277"}],"wp:term":[{"taxonomy":"category","embeddable":true,"href":"https:\/\/pertinente.com.br\/site\/wp-json\/wp\/v2\/categories?post=1277"},{"taxonomy":"post_tag","embeddable":true,"href":"https:\/\/pertinente.com.br\/site\/wp-json\/wp\/v2\/tags?post=1277"}],"curies":[{"name":"wp","href":"https:\/\/api.w.org\/{rel}","templated":true}]}}