{"id":1280,"date":"2020-05-24T21:03:08","date_gmt":"2020-05-25T00:03:08","guid":{"rendered":"https:\/\/pertinente.com.br\/site\/2020\/05\/24\/eua-suspendem-entrada-de-brasileiros-e-de-estrangeiros-que-passaram-pelo-brasil\/"},"modified":"2020-05-24T21:03:08","modified_gmt":"2020-05-25T00:03:08","slug":"eua-suspendem-entrada-de-brasileiros-e-de-estrangeiros-que-passaram-pelo-brasil","status":"publish","type":"post","link":"https:\/\/pertinente.com.br\/site\/2020\/05\/24\/eua-suspendem-entrada-de-brasileiros-e-de-estrangeiros-que-passaram-pelo-brasil\/","title":{"rendered":"EUA suspendem entrada de brasileiros e de estrangeiros que passaram pelo Brasil"},"content":{"rendered":"\n<figure class=\"wp-block-image size-large\"><img loading=\"lazy\" decoding=\"async\" width=\"685\" height=\"448\" src=\"https:\/\/pertinente.com.br\/site\/wp-content\/uploads\/2020\/05\/images-2020-05-24t2102415983683917516130360..jpg\" alt=\"\" class=\"wp-image-1278\" srcset=\"https:\/\/pertinente.com.br\/site\/wp-content\/uploads\/2020\/05\/images-2020-05-24t2102415983683917516130360..jpg 685w, https:\/\/pertinente.com.br\/site\/wp-content\/uploads\/2020\/05\/images-2020-05-24t2102415983683917516130360.-300x196.jpg 300w\" sizes=\"(max-width: 685px) 100vw, 685px\" \/><\/figure>\n\n\n\n<p>Folha &#8211; O presidente Donald Trump assinou neste domingo (24) um decreto que pro\u00edbe a entrada nos EUA de estrangeiros que tenham estado no Brasil nos \u00faltimos 14 dias como mais uma medida para<a href=\"https:\/\/www1.folha.uol.com.br\/cotidiano\/coronavirus\/\">&nbsp;tentar conter o avan\u00e7o do coronav\u00edrus<\/a>&nbsp;em territ\u00f3rio americano.<\/p>\n\n\n\n<p>Esperava-se o an\u00fancio de uma restri\u00e7\u00e3o dos voos com origem no Brasil \u2014que j\u00e1 tinha sido cogitada publicamente diversas vezes pelo presidente americano, mas at\u00e9 este fim de semana ainda n\u00e3o havia um plano concreto na Casa Branca neste sentido.<\/p>\n\n\n\n<p>O documento deste domingo \u00e9 mais amplo: engloba todos os estrangeiros que tenham passado pelo territ\u00f3rio brasileiro nas \u00faltimas duas semanas. H\u00e1 exce\u00e7\u00f5es para os portadores de green cards (resid\u00eancia permanente nos EUA), para os c\u00f4njuges, filhos e irm\u00e3os de americanos residentes no pa\u00eds e para estrangeiros que viajem a convite do governo americano, al\u00e9m de integrantes de tripula\u00e7\u00e3o a\u00e9rea.<\/p>\n\n\n\n<p>Leia mais:<\/p>\n\n\n\n<p><a href=\"https:\/\/www1.folha.uol.com.br\/mundo\/2020\/05\/eua-suspendem-entrada-de-estrangeiros-que-passaram-pelo-brasil.shtml\">https:\/\/www1.folha.uol.com.br\/mundo\/2020\/05\/eua-suspendem-entrada-de-estrangeiros-que-passaram-pelo-brasil.shtml<\/a><\/p>\n","protected":false},"excerpt":{"rendered":"<p>Folha &#8211; O presidente Donald Trump assinou neste domingo (24) um decreto que pro\u00edbe a entrada nos EUA de estrangeiros que tenham estado no Brasil nos \u00faltimos 14 dias como mais uma medida para&nbsp;tentar conter o avan\u00e7o do coronav\u00edrus&nbsp;em territ\u00f3rio americano. Esperava-se&hellip;<\/p>\n","protected":false},"author":1,"featured_media":1279,"comment_status":"open","ping_status":"open","sticky":false,"template":"","format":"standard","meta":{"footnotes":""},"categories":[4],"tags":[452,14,232],"_links":{"self":[{"href":"https:\/\/pertinente.com.br\/site\/wp-json\/wp\/v2\/posts\/1280"}],"collection":[{"href":"https:\/\/pertinente.com.br\/site\/wp-json\/wp\/v2\/posts"}],"about":[{"href":"https:\/\/pertinente.com.br\/site\/wp-json\/wp\/v2\/types\/post"}],"author":[{"embeddable":true,"href":"https:\/\/pertinente.com.br\/site\/wp-json\/wp\/v2\/users\/1"}],"replies":[{"embeddable":true,"href":"https:\/\/pertinente.com.br\/site\/wp-json\/wp\/v2\/comments?post=1280"}],"version-history":[{"count":0,"href":"https:\/\/pertinente.com.br\/site\/wp-json\/wp\/v2\/posts\/1280\/revisions"}],"wp:featuredmedia":[{"embeddable":true,"href":"https:\/\/pertinente.com.br\/site\/wp-json\/wp\/v2\/media\/1279"}],"wp:attachment":[{"href":"https:\/\/pertinente.com.br\/site\/wp-json\/wp\/v2\/media?parent=1280"}],"wp:term":[{"taxonomy":"category","embeddable":true,"href":"https:\/\/pertinente.com.br\/site\/wp-json\/wp\/v2\/categories?post=1280"},{"taxonomy":"post_tag","embeddable":true,"href":"https:\/\/pertinente.com.br\/site\/wp-json\/wp\/v2\/tags?post=1280"}],"curies":[{"name":"wp","href":"https:\/\/api.w.org\/{rel}","templated":true}]}}