{"id":1283,"date":"2020-05-24T23:43:57","date_gmt":"2020-05-25T02:43:57","guid":{"rendered":"https:\/\/pertinente.com.br\/site\/2020\/05\/24\/indiferente-as-22-000-mortes-no-brasil-por-covid19-bolsonaro-participa-de-ato-com-aglomeracaoe-faz-ameaca-contra-stf-nas-redes\/"},"modified":"2020-05-24T23:51:34","modified_gmt":"2020-05-25T02:51:34","slug":"indiferente-as-22-000-mortes-no-brasil-por-covid19-bolsonaro-participa-de-ato-com-aglomeracaoe-faz-ameaca-contra-stf-nas-redes","status":"publish","type":"post","link":"https:\/\/pertinente.com.br\/site\/2020\/05\/24\/indiferente-as-22-000-mortes-no-brasil-por-covid19-bolsonaro-participa-de-ato-com-aglomeracaoe-faz-ameaca-contra-stf-nas-redes\/","title":{"rendered":"Indiferente \u00e0s 22.000 mortes no Brasil por COVID19, Bolsonaro participa de ato com aglomera\u00e7\u00e3o, e faz amea\u00e7a contra STF nas redes"},"content":{"rendered":"\n<figure class=\"wp-block-image size-large\"><img loading=\"lazy\" decoding=\"async\" width=\"768\" height=\"512\" src=\"https:\/\/pertinente.com.br\/site\/wp-content\/uploads\/2020\/05\/img_20200524_2341008559301188152786634.jpg\" alt=\"\" class=\"wp-image-1281\" srcset=\"https:\/\/pertinente.com.br\/site\/wp-content\/uploads\/2020\/05\/img_20200524_2341008559301188152786634.jpg 768w, https:\/\/pertinente.com.br\/site\/wp-content\/uploads\/2020\/05\/img_20200524_2341008559301188152786634-300x200.jpg 300w\" sizes=\"(max-width: 768px) 100vw, 768px\" \/><\/figure>\n\n\n\n<p>Presidente insinua que Celso de Mello poderia ser preso por divulgar v\u00eddeo. Ministro da Defesa diz que a \u201csimples ila\u00e7\u00e3o\u201d sobre a apreens\u00e3o de celular de presidente \u00e9 \u201cafronta&#8221; \u00e0 seguran\u00e7a nacional.<\/p>\n\n\n\n<p>O roteiro se repete h\u00e1 semanas durante a&nbsp;<a rel=\"noreferrer noopener\" href=\"https:\/\/brasil.elpais.com\/noticias\/coronavirus\" target=\"_blank\">pandemia de coronav\u00edrus<\/a>: ap\u00f3s dias atribulados, de&nbsp;<a rel=\"noreferrer noopener\" href=\"https:\/\/brasil.elpais.com\/brasil\/2020-05-23\/video-da-reuniao-de-bolsonaro-evidencia-descaso-com-pandemia-que-ja-matou-mais-de-21000.html\" target=\"_blank\">alta tens\u00e3o pol\u00edtica<\/a>&nbsp;e de declara\u00e7\u00f5es atravessadas \u00e0 imprensa, o presidente Jair Bolsonaro se re\u00fane com um grupo de apoiadores pelas ruas de Bras\u00edlia.<\/p>\n\n\n\n<p>Neste domingo, Bolsonaro deixou mais uma vez o Pal\u00e1cio do Planalto para caminhar pr\u00f3ximo de seus fi\u00e9is eleitores \u2015como de costume, sem demonstrar qualquer receio quanto \u00e0 contamina\u00e7\u00e3o pela&nbsp;<a rel=\"noreferrer noopener\" href=\"https:\/\/brasil.elpais.com\/noticias\/covid-19\/\" target=\"_blank\">covid-19<\/a>, que j\u00e1 matou 22.666 pessoas no pa\u00eds e levou os EUA a proibirem entrada de passageiros vindos do Brasil. Antes do&nbsp;<em>tour<\/em>, o presidente voltou a cutucar um outro Poder da Rep\u00fablica. <\/p>\n\n\n\n<p>O presidente publicou em seu perfil no Twitter um trecho da Lei de Abuso de Autoridade, por meio do qual insinua que o decano do Supremo Tribunal Federal, Celso de Mello, poderia ser preso por ter&nbsp;<a rel=\"noreferrer noopener\" href=\"https:\/\/brasil.elpais.com\/brasil\/2020-05-22\/celso-de-mello-retira-sigilo-de-video-de-reuniao-onde-bolsonaro-menciona-trocas-na-seguranca-para-proteger-familia.html\" target=\"_blank\">autorizado a divulga\u00e7\u00e3o quase na \u00edntegra<\/a>&nbsp;da famigerada reuni\u00e3o ministerial do dia 22 de abril, na qual, segundo o ex-ministro da Justi\u00e7a Sergio Moro, o chefe do Executivo teria lhe pressionado para trocar o comando da Pol\u00edcia Federal.<\/p>\n\n\n\n<p>Leia mais:<\/p>\n\n\n\n<p><a href=\"https:\/\/brasil.elpais.com\/brasil\/2020-05-24\/alheio-a-22000-mortes-no-brasil-bolsonaro-faz-ato-e-sobe-tom-contra-stf-nas-redes.html\">https:\/\/brasil.elpais.com\/brasil\/2020-05-24\/alheio-a-22000-mortes-no-brasil-bolsonaro-faz-ato-e-sobe-tom-contra-stf-nas-redes.html<\/a><\/p>\n","protected":false},"excerpt":{"rendered":"<p>Presidente insinua que Celso de Mello poderia ser preso por divulgar v\u00eddeo. Ministro da Defesa diz que a \u201csimples ila\u00e7\u00e3o\u201d sobre a apreens\u00e3o de celular de presidente \u00e9 \u201cafronta&#8221; \u00e0 seguran\u00e7a nacional. O roteiro se repete h\u00e1 semanas durante a&nbsp;pandemia de coronav\u00edrus:&hellip;<\/p>\n","protected":false},"author":1,"featured_media":1282,"comment_status":"open","ping_status":"open","sticky":false,"template":"","format":"standard","meta":{"footnotes":""},"categories":[4],"tags":[448,218,365,416,66],"_links":{"self":[{"href":"https:\/\/pertinente.com.br\/site\/wp-json\/wp\/v2\/posts\/1283"}],"collection":[{"href":"https:\/\/pertinente.com.br\/site\/wp-json\/wp\/v2\/posts"}],"about":[{"href":"https:\/\/pertinente.com.br\/site\/wp-json\/wp\/v2\/types\/post"}],"author":[{"embeddable":true,"href":"https:\/\/pertinente.com.br\/site\/wp-json\/wp\/v2\/users\/1"}],"replies":[{"embeddable":true,"href":"https:\/\/pertinente.com.br\/site\/wp-json\/wp\/v2\/comments?post=1283"}],"version-history":[{"count":2,"href":"https:\/\/pertinente.com.br\/site\/wp-json\/wp\/v2\/posts\/1283\/revisions"}],"predecessor-version":[{"id":1285,"href":"https:\/\/pertinente.com.br\/site\/wp-json\/wp\/v2\/posts\/1283\/revisions\/1285"}],"wp:featuredmedia":[{"embeddable":true,"href":"https:\/\/pertinente.com.br\/site\/wp-json\/wp\/v2\/media\/1282"}],"wp:attachment":[{"href":"https:\/\/pertinente.com.br\/site\/wp-json\/wp\/v2\/media?parent=1283"}],"wp:term":[{"taxonomy":"category","embeddable":true,"href":"https:\/\/pertinente.com.br\/site\/wp-json\/wp\/v2\/categories?post=1283"},{"taxonomy":"post_tag","embeddable":true,"href":"https:\/\/pertinente.com.br\/site\/wp-json\/wp\/v2\/tags?post=1283"}],"curies":[{"name":"wp","href":"https:\/\/api.w.org\/{rel}","templated":true}]}}