{"id":1288,"date":"2020-05-27T10:00:06","date_gmt":"2020-05-27T13:00:06","guid":{"rendered":"https:\/\/pertinente.com.br\/site\/2020\/05\/27\/deputadas-carla-zambelli-e-bia-kicis-sao-intimadas-a-depor-sobre-fake-news-pf-faz-buscas-contra-luciano-hang-e-roberto-jefferson\/"},"modified":"2020-05-27T10:00:06","modified_gmt":"2020-05-27T13:00:06","slug":"deputadas-carla-zambelli-e-bia-kicis-sao-intimadas-a-depor-sobre-fake-news-pf-faz-buscas-contra-luciano-hang-e-roberto-jefferson","status":"publish","type":"post","link":"https:\/\/pertinente.com.br\/site\/2020\/05\/27\/deputadas-carla-zambelli-e-bia-kicis-sao-intimadas-a-depor-sobre-fake-news-pf-faz-buscas-contra-luciano-hang-e-roberto-jefferson\/","title":{"rendered":"Deputadas Carla Zambelli e Bia Kicis s\u00e3o intimadas a depor sobre fake news; PF faz buscas contra Luciano Hang e Roberto Jefferson"},"content":{"rendered":"\n<figure class=\"wp-block-image size-large\"><img loading=\"lazy\" decoding=\"async\" width=\"1086\" height=\"652\" src=\"https:\/\/pertinente.com.br\/site\/wp-content\/uploads\/2020\/05\/xuntitled-2-2-1200x7202512319554684112024-1.jpg\" alt=\"\" class=\"wp-image-1286\" srcset=\"https:\/\/pertinente.com.br\/site\/wp-content\/uploads\/2020\/05\/xuntitled-2-2-1200x7202512319554684112024-1.jpg 1086w, https:\/\/pertinente.com.br\/site\/wp-content\/uploads\/2020\/05\/xuntitled-2-2-1200x7202512319554684112024-1-300x180.jpg 300w, https:\/\/pertinente.com.br\/site\/wp-content\/uploads\/2020\/05\/xuntitled-2-2-1200x7202512319554684112024-1-1024x615.jpg 1024w, https:\/\/pertinente.com.br\/site\/wp-content\/uploads\/2020\/05\/xuntitled-2-2-1200x7202512319554684112024-1-768x461.jpg 768w\" sizes=\"(max-width: 1086px) 100vw, 1086px\" \/><\/figure>\n\n\n\n<p>G1 Globo &#8211; A Pol\u00edcia Federal cumpre na manh\u00e3 desta quarta-feira (27) mandados de busca e apreens\u00e3o no\u00a0<a href=\"https:\/\/g1.globo.com\/politica\/noticia\/2019\/04\/16\/entenda-o-inquerito-do-supremo-que-investiga-ameacas-a-corte-e-veja-os-pontos-polemicos.ghtml\">inqu\u00e9rito do Supremo Tribunal Federal (STF) que apura produ\u00e7\u00e3o de not\u00edcias falsas e amea\u00e7as \u00e0 Corte<\/a>. Entre os alvos est\u00e3o o ex-deputado federal Roberto Jefferson, o empres\u00e1rio Luciano Hang, o deputado estadual Douglas Garcia (PSL-SP) e blogueiro Allan dos Santos. Os quatro s\u00e3o aliados do presidente Jair Bolsonaro.<\/p>\n\n\n\n<p class=\"content-text__container\">Alguns dos alvos dos mandados s\u00e3o:<\/p>\n\n\n\n<ul class=\"content-unordered-list\"><li>Luciano Hang, empres\u00e1rio (SC)<\/li><li>Roberto Jefferson, ex-deputado federal (RJ)<\/li><li>Sara Winter, blogueira (DF)<\/li><li>Winston Lima, blogueiro (DF)<\/li><li>Edgard Corona, empres\u00e1rio (SP)<\/li><li>Edson Pires Salom\u00e3o (SP)<\/li><li>Enzo Leonardo Suzi (SP)<\/li><li>Marcos Belizzia (SP)<\/li><li>Otavio Fakhouri (SP)<\/li><li>Rafael Moreno (SP)<\/li><li>Rodrigo Barbosa Ribeiro (SP)<\/li><\/ul>\n\n\n\n<p class=\"content-text__container\">O ministro Moraes determinou ainda que deputados dever\u00e3o ser ouvidos no inqu\u00e9rito nos pr\u00f3ximos dias. Eles n\u00e3o foram alvos de mandados nesta quarta. S\u00e3o eles:<\/p>\n\n\n\n<p class=\"content-text__container\"><strong>Deputados federais<\/strong><\/p>\n\n\n\n<ul class=\"content-unordered-list\"><li>Bia Kicis<\/li><li>Carla Zambelli<\/li><li>Daniel L\u00facio<\/li><li>Filipe Barros<\/li><li>Geraldo Junio<\/li><li>Luiz Phillipe de Orleans e Bragan\u00e7a<\/li><\/ul>\n\n\n\n<p class=\"content-text__container\"><strong>Deputados estaduais<\/strong><\/p>\n\n\n\n<ul class=\"content-unordered-list\"><li>Douglas Garcia<\/li><li>Gildev\u00e2nio Ilso<\/li><\/ul>\n\n\n\n<p>Leia mais:<\/p>\n\n\n\n<p><a href=\"https:\/\/g1.globo.com\/politica\/noticia\/2020\/05\/27\/pf-cumpre-mandados-em-inquerito-do-stf-sobre-fake-news.ghtml\">https:\/\/g1.globo.com\/politica\/noticia\/2020\/05\/27\/pf-cumpre-mandados-em-inquerito-do-stf-sobre-fake-news.ghtml<\/a><\/p>\n","protected":false},"excerpt":{"rendered":"<p>G1 Globo &#8211; A Pol\u00edcia Federal cumpre na manh\u00e3 desta quarta-feira (27) mandados de busca e apreens\u00e3o no\u00a0inqu\u00e9rito do Supremo Tribunal Federal (STF) que apura produ\u00e7\u00e3o de not\u00edcias falsas e amea\u00e7as \u00e0 Corte. Entre os alvos est\u00e3o o ex-deputado federal Roberto Jefferson,&hellip;<\/p>\n","protected":false},"author":1,"featured_media":1287,"comment_status":"open","ping_status":"open","sticky":false,"template":"","format":"standard","meta":{"footnotes":""},"categories":[4],"tags":[380,453,99],"_links":{"self":[{"href":"https:\/\/pertinente.com.br\/site\/wp-json\/wp\/v2\/posts\/1288"}],"collection":[{"href":"https:\/\/pertinente.com.br\/site\/wp-json\/wp\/v2\/posts"}],"about":[{"href":"https:\/\/pertinente.com.br\/site\/wp-json\/wp\/v2\/types\/post"}],"author":[{"embeddable":true,"href":"https:\/\/pertinente.com.br\/site\/wp-json\/wp\/v2\/users\/1"}],"replies":[{"embeddable":true,"href":"https:\/\/pertinente.com.br\/site\/wp-json\/wp\/v2\/comments?post=1288"}],"version-history":[{"count":0,"href":"https:\/\/pertinente.com.br\/site\/wp-json\/wp\/v2\/posts\/1288\/revisions"}],"wp:featuredmedia":[{"embeddable":true,"href":"https:\/\/pertinente.com.br\/site\/wp-json\/wp\/v2\/media\/1287"}],"wp:attachment":[{"href":"https:\/\/pertinente.com.br\/site\/wp-json\/wp\/v2\/media?parent=1288"}],"wp:term":[{"taxonomy":"category","embeddable":true,"href":"https:\/\/pertinente.com.br\/site\/wp-json\/wp\/v2\/categories?post=1288"},{"taxonomy":"post_tag","embeddable":true,"href":"https:\/\/pertinente.com.br\/site\/wp-json\/wp\/v2\/tags?post=1288"}],"curies":[{"name":"wp","href":"https:\/\/api.w.org\/{rel}","templated":true}]}}