{"id":1291,"date":"2020-05-28T00:13:47","date_gmt":"2020-05-28T03:13:47","guid":{"rendered":"https:\/\/pertinente.com.br\/site\/2020\/05\/28\/bolsonaro-critica-stf-e-ameaca-desobedecer-a-decisoes-da-corte\/"},"modified":"2020-05-28T00:13:47","modified_gmt":"2020-05-28T03:13:47","slug":"bolsonaro-critica-stf-e-ameaca-desobedecer-a-decisoes-da-corte","status":"publish","type":"post","link":"https:\/\/pertinente.com.br\/site\/2020\/05\/28\/bolsonaro-critica-stf-e-ameaca-desobedecer-a-decisoes-da-corte\/","title":{"rendered":"Bolsonaro critica STF e amea\u00e7a desobedecer a decis\u00f5es da corte"},"content":{"rendered":"\n<figure class=\"wp-block-image size-large\"><img loading=\"lazy\" decoding=\"async\" width=\"450\" height=\"337\" src=\"https:\/\/pertinente.com.br\/site\/wp-content\/uploads\/2020\/05\/images-25063565002942719718..jpg\" alt=\"\" class=\"wp-image-1289\" srcset=\"https:\/\/pertinente.com.br\/site\/wp-content\/uploads\/2020\/05\/images-25063565002942719718..jpg 450w, https:\/\/pertinente.com.br\/site\/wp-content\/uploads\/2020\/05\/images-25063565002942719718.-300x225.jpg 300w\" sizes=\"(max-width: 450px) 100vw, 450px\" \/><\/figure>\n\n\n\n<p>Folha &#8211; Presidente disse que Executivo n\u00e3o ficar\u00e1 calado e quer barrar depoimento de Weintraub.<\/p>\n\n\n\n<p>Irritado com\u00a0<a href=\"https:\/\/www1.folha.uol.com.br\/poder\/2020\/05\/lista-de-alvos-da-pf-mistura-expoentes-da-tropa-bolsonarista-e-figuras-laterais.shtml\">a opera\u00e7\u00e3o autorizada pelo STF (Supremo Tribunal Federal)<\/a>\u00a0que atingiu deputados da base e apoiadores, o presidente\u00a0<a href=\"https:\/\/m.folha.uol.com.br\/folha-topicos\/jair-bolsonaro\/\">Jair Bolsonaro<\/a>\u00a0reuniu sua equipe de ministros nesta quarta-feira (27) para definir uma estrat\u00e9gia de rea\u00e7\u00e3o \u00e0 corte.<\/p>\n\n\n\n<p>No encontro, segundo auxiliares presentes, o presidente avaliou como absurda e desnecess\u00e1ria\u00a0<a href=\"https:\/\/www1.folha.uol.com.br\/poder\/2020\/05\/pf-cumpre-mandados-de-busca-e-apreensao-em-inquerito-do-supremo-contra-fake-news.shtml\">a investiga\u00e7\u00e3o contra aliados do seu governo<\/a>, considerou que se trata de uma retalia\u00e7\u00e3o e refor\u00e7ou que o Poder Executivo n\u00e3o pode aceitar calado.<\/p>\n\n\n\n<p>Leia mais:<\/p>\n\n\n\n<p><a href=\"https:\/\/www1.folha.uol.com.br\/poder\/2020\/05\/bolsonaro-convoca-ministros-para-discutir-reacao-ao-stf-e-aliados-defendem-lei-de-abuso.shtml\">https:\/\/www1.folha.uol.com.br\/poder\/2020\/05\/bolsonaro-convoca-ministros-para-discutir-reacao-ao-stf-e-aliados-defendem-lei-de-abuso.shtml<\/a><\/p>\n","protected":false},"excerpt":{"rendered":"<p>Folha &#8211; Presidente disse que Executivo n\u00e3o ficar\u00e1 calado e quer barrar depoimento de Weintraub. Irritado com\u00a0a opera\u00e7\u00e3o autorizada pelo STF (Supremo Tribunal Federal)\u00a0que atingiu deputados da base e apoiadores, o presidente\u00a0Jair Bolsonaro\u00a0reuniu sua equipe de ministros nesta quarta-feira (27) para definir&hellip;<\/p>\n","protected":false},"author":1,"featured_media":1290,"comment_status":"open","ping_status":"open","sticky":false,"template":"","format":"standard","meta":{"footnotes":""},"categories":[4],"tags":[448,212,66],"_links":{"self":[{"href":"https:\/\/pertinente.com.br\/site\/wp-json\/wp\/v2\/posts\/1291"}],"collection":[{"href":"https:\/\/pertinente.com.br\/site\/wp-json\/wp\/v2\/posts"}],"about":[{"href":"https:\/\/pertinente.com.br\/site\/wp-json\/wp\/v2\/types\/post"}],"author":[{"embeddable":true,"href":"https:\/\/pertinente.com.br\/site\/wp-json\/wp\/v2\/users\/1"}],"replies":[{"embeddable":true,"href":"https:\/\/pertinente.com.br\/site\/wp-json\/wp\/v2\/comments?post=1291"}],"version-history":[{"count":0,"href":"https:\/\/pertinente.com.br\/site\/wp-json\/wp\/v2\/posts\/1291\/revisions"}],"wp:featuredmedia":[{"embeddable":true,"href":"https:\/\/pertinente.com.br\/site\/wp-json\/wp\/v2\/media\/1290"}],"wp:attachment":[{"href":"https:\/\/pertinente.com.br\/site\/wp-json\/wp\/v2\/media?parent=1291"}],"wp:term":[{"taxonomy":"category","embeddable":true,"href":"https:\/\/pertinente.com.br\/site\/wp-json\/wp\/v2\/categories?post=1291"},{"taxonomy":"post_tag","embeddable":true,"href":"https:\/\/pertinente.com.br\/site\/wp-json\/wp\/v2\/tags?post=1291"}],"curies":[{"name":"wp","href":"https:\/\/api.w.org\/{rel}","templated":true}]}}